{"id":23492,"date":"2022-05-19T16:25:49","date_gmt":"2022-05-19T19:25:49","guid":{"rendered":"https:\/\/www.oparanews.com.br\/?p=23492"},"modified":"2022-05-19T16:25:49","modified_gmt":"2022-05-19T19:25:49","slug":"programa-fortalece-alagoas-entrega-veiculos-para-secretaria-de-servicos-publicos-de-penedo","status":"publish","type":"post","link":"https:\/\/www.oparanews.com.br\/index.php\/2022\/05\/19\/programa-fortalece-alagoas-entrega-veiculos-para-secretaria-de-servicos-publicos-de-penedo\/","title":{"rendered":"Programa Fortalece Alagoas entrega ve\u00edculos para Secretaria de Servi\u00e7os P\u00fablicos de Penedo"},"content":{"rendered":"<p>A coleta de lixo dom\u00e9stico em Penedo est\u00e1 mais \u00e1gil e em todos os bairros diariamente. Os avan\u00e7os alcan\u00e7ados nesta quinta-feira, 19, s\u00e3o resultado da parceria entre a gest\u00e3o Ronaldo Lopes e o governo estadual.<\/p>\n<p>&nbsp;<\/p>\n<p>Por meio do Programa Fortalece Alagoas, uma iniciativa do governador Renan Filho, dois ve\u00edculos passam a refor\u00e7ar os trabalhos da Secretaria Municipal de Servi\u00e7os P\u00fablicos (SEMSP).<\/p>\n<p>&nbsp;<\/p>\n<p>A pasta que tinha apenas 3 coletores de lixo conta agora com cinco ve\u00edculos espec\u00edficos para a coleta de lixo dom\u00e9stico, al\u00e9m de mais tr\u00eas dispon\u00edveis para substituir e manter a rotina de trabalho.<\/p>\n<p>&nbsp;<\/p>\n<p>\u201cCom apoio do Governo de Alagoas, o Prefeito Ronaldo Lopes conseguiu mais esse avan\u00e7o para a popula\u00e7\u00e3o de Penedo. Agora temos ve\u00edculo coletor todos os dias em todos os bairros, inclusive nos que eram atendidos tr\u00eas vezes por semana\u201d, informa o engenheiro Ivo Costa, gestor da SEMSP.<\/p>\n<p>&nbsp;<\/p>\n<p>O outro ve\u00edculo do Fortalece Alagoas \u00e9 um caminh\u00e3o-pipa, ve\u00edculo que serve para atividades como aguar pra\u00e7as e logradouros p\u00fablicos e apoiar o trabalho em locais como a nova esta\u00e7\u00e3o de transbordo de lixo domiciliar, investimento da gest\u00e3o Crescendo Com Seu Povo que est\u00e1 sendo constru\u00eddo no povoado Itaporanga.<\/p>\n<p>&nbsp;<\/p>\n<p>Os garis que trabalham na Secretaria de Servi\u00e7os P\u00fablicos de Penedo tamb\u00e9m foram beneficiados nesta quarta, 19, com novos Equipamentos Individuais de Prote\u00e7\u00e3o (EPIs).<\/p>\n<p>&nbsp;<\/p>\n<p>No \u00faltimo final de semana, o Secret\u00e1rio Ivo Costa organizou uma confraterniza\u00e7\u00e3o em comemora\u00e7\u00e3o ao Dia do Gari, reunindo todo o pessoal em torneio festivo de futebol.<\/p>\n<p>&nbsp;<\/p>\n<p>&nbsp;<\/p>\n<p>&nbsp;<\/p>\n<p><strong>por Fernando Vin\u00edcius &#8211; Secom PMP<\/strong><\/p>\n<p>&nbsp;<\/p>\n","protected":false},"excerpt":{"rendered":"<p>A coleta de lixo dom\u00e9stico em Penedo est\u00e1 mais \u00e1gil e em todos os bairros diariamente. Os avan\u00e7os alcan\u00e7ados nesta quinta-feira, 19, s\u00e3o resultado da parceria entre a gest\u00e3o Ronaldo Lopes e o governo estadual. &nbsp; Por meio do Programa Fortalece Alagoas, uma iniciativa do governador Renan Filho, dois ve\u00edculos passam a refor\u00e7ar os trabalhos &hellip;<\/p>\n","protected":false},"author":2,"featured_media":23493,"comment_status":"open","ping_status":"open","sticky":false,"template":"","format":"standard","meta":{"_jetpack_memberships_contains_paid_content":false,"footnotes":""},"categories":[1,3],"tags":[],"class_list":["post-23492","post","type-post","status-publish","format-standard","has-post-thumbnail","hentry","category-destaque","category-penedo"],"jetpack_featured_media_url":"https:\/\/www.oparanews.com.br\/wp-content\/uploads\/2022\/05\/penedo-veiculos-semsp-foto-deywisson-duarte-9.jpeg","jetpack_sharing_enabled":true,"_links":{"self":[{"href":"https:\/\/www.oparanews.com.br\/index.php\/wp-json\/wp\/v2\/posts\/23492","targetHints":{"allow":["GET"]}}],"collection":[{"href":"https:\/\/www.oparanews.com.br\/index.php\/wp-json\/wp\/v2\/posts"}],"about":[{"href":"https:\/\/www.oparanews.com.br\/index.php\/wp-json\/wp\/v2\/types\/post"}],"author":[{"embeddable":true,"href":"https:\/\/www.oparanews.com.br\/index.php\/wp-json\/wp\/v2\/users\/2"}],"replies":[{"embeddable":true,"href":"https:\/\/www.oparanews.com.br\/index.php\/wp-json\/wp\/v2\/comments?post=23492"}],"version-history":[{"count":1,"href":"https:\/\/www.oparanews.com.br\/index.php\/wp-json\/wp\/v2\/posts\/23492\/revisions"}],"predecessor-version":[{"id":23494,"href":"https:\/\/www.oparanews.com.br\/index.php\/wp-json\/wp\/v2\/posts\/23492\/revisions\/23494"}],"wp:featuredmedia":[{"embeddable":true,"href":"https:\/\/www.oparanews.com.br\/index.php\/wp-json\/wp\/v2\/media\/23493"}],"wp:attachment":[{"href":"https:\/\/www.oparanews.com.br\/index.php\/wp-json\/wp\/v2\/media?parent=23492"}],"wp:term":[{"taxonomy":"category","embeddable":true,"href":"https:\/\/www.oparanews.com.br\/index.php\/wp-json\/wp\/v2\/categories?post=23492"},{"taxonomy":"post_tag","embeddable":true,"href":"https:\/\/www.oparanews.com.br\/index.php\/wp-json\/wp\/v2\/tags?post=23492"}],"curies":[{"name":"wp","href":"https:\/\/api.w.org\/{rel}","templated":true}]}}