{"id":23495,"date":"2022-05-19T16:27:56","date_gmt":"2022-05-19T19:27:56","guid":{"rendered":"https:\/\/www.oparanews.com.br\/?p=23495"},"modified":"2022-05-19T16:27:56","modified_gmt":"2022-05-19T19:27:56","slug":"secretaria-de-saude-de-penedo-reforca-vacinacao-contra-sarampo-e-gripe-influenza","status":"publish","type":"post","link":"https:\/\/www.oparanews.com.br\/index.php\/2022\/05\/19\/secretaria-de-saude-de-penedo-reforca-vacinacao-contra-sarampo-e-gripe-influenza\/","title":{"rendered":"Secretaria de Sa\u00fade de Penedo refor\u00e7a vacina\u00e7\u00e3o contra sarampo e gripe Influenza"},"content":{"rendered":"<p>O \u2018Dia D\u2019 da campanha de vacina\u00e7\u00e3o\u2019 contra a gripe Influenza e o Sarampo em Penedo acontece no pr\u00f3ximo s\u00e1bado, 21.<\/p>\n<p>&nbsp;<\/p>\n<p>O foco da campanha desenvolvida pela Secretaria Municipal de Sa\u00fade (SEMS) \u00e9 o p\u00fablico-alvo formado por crian\u00e7as a partir de seis meses de idade at\u00e9 menores de cinco anos para imuniza\u00e7\u00e3o contra o sarampo, al\u00e9m dos profissionais da sa\u00fade.<\/p>\n<p>&nbsp;<\/p>\n<p>A vacina contra a gripe Influenza tamb\u00e9m \u00e9 direcionada para a mesma faixa et\u00e1ria infantil e tamb\u00e9m para idosos, gestantes, pu\u00e9rperas e pessoas com comorbidades.<\/p>\n<p>&nbsp;<\/p>\n<p>Os pontos de vacina\u00e7\u00e3o para o Dia D ir\u00e3o funcionar em seis locais, entre eles no Centro Hist\u00f3rico, em frente da Igreja de S\u00e3o Gon\u00e7alo Garcia, das 7h \u00e0s 17 horas.<\/p>\n<p>&nbsp;<\/p>\n<p>Os demais locais tamb\u00e9m iniciam o trabalho \u00e0s 7 horas, mas se estendem at\u00e9 as cinco da tarde no posto de sa\u00fade do Barro Vermelho, posto de sa\u00fade S\u00e3o Jos\u00e9, anexo do Oiteiro, Pra\u00e7a de Santa Luzia\/Centro de Inclus\u00e3o Digital e na pra\u00e7a do Conjunto Mata Atl\u00e2ntica 1.<\/p>\n<p>&nbsp;<\/p>\n<p>O p\u00fablico deve apresentar o cart\u00e3o de vacina e documentos pessoais, inclusive os que atestam a condi\u00e7\u00e3o de comorbidade, para facilitar o fluxo da imuniza\u00e7\u00e3o.<\/p>\n<p>&nbsp;<\/p>\n<p>Confira abaixo mais informa\u00e7\u00f5es:<\/p>\n<p>&nbsp;<\/p>\n<p><a href=\"http:\/\/www.oparanews.com.br\/wp-content\/uploads\/2022\/05\/DiaD2.jpeg\"><img loading=\"lazy\" decoding=\"async\" class=\"aligncenter size-full wp-image-23497\" src=\"http:\/\/www.oparanews.com.br\/wp-content\/uploads\/2022\/05\/DiaD2.jpeg\" alt=\"\" width=\"1024\" height=\"1280\" srcset=\"https:\/\/www.oparanews.com.br\/wp-content\/uploads\/2022\/05\/DiaD2.jpeg 1024w, https:\/\/www.oparanews.com.br\/wp-content\/uploads\/2022\/05\/DiaD2-240x300.jpeg 240w, https:\/\/www.oparanews.com.br\/wp-content\/uploads\/2022\/05\/DiaD2-819x1024.jpeg 819w, https:\/\/www.oparanews.com.br\/wp-content\/uploads\/2022\/05\/DiaD2-768x960.jpeg 768w\" sizes=\"auto, (max-width: 1024px) 100vw, 1024px\" \/><\/a><\/p>\n<p>&nbsp;<\/p>\n<p><strong>Fonte: Secom PMP<\/strong><\/p>\n<p>&nbsp;<\/p>\n","protected":false},"excerpt":{"rendered":"<p>O \u2018Dia D\u2019 da campanha de vacina\u00e7\u00e3o\u2019 contra a gripe Influenza e o Sarampo em Penedo acontece no pr\u00f3ximo s\u00e1bado, 21. &nbsp; O foco da campanha desenvolvida pela Secretaria Municipal de Sa\u00fade (SEMS) \u00e9 o p\u00fablico-alvo formado por crian\u00e7as a partir de seis meses de idade at\u00e9 menores de cinco anos para imuniza\u00e7\u00e3o contra o &hellip;<\/p>\n","protected":false},"author":2,"featured_media":23496,"comment_status":"open","ping_status":"open","sticky":false,"template":"","format":"standard","meta":{"_jetpack_memberships_contains_paid_content":false,"footnotes":""},"categories":[1,3],"tags":[],"class_list":["post-23495","post","type-post","status-publish","format-standard","has-post-thumbnail","hentry","category-destaque","category-penedo"],"jetpack_featured_media_url":"https:\/\/www.oparanews.com.br\/wp-content\/uploads\/2022\/05\/DiaD-1.jpeg","jetpack_sharing_enabled":true,"_links":{"self":[{"href":"https:\/\/www.oparanews.com.br\/index.php\/wp-json\/wp\/v2\/posts\/23495","targetHints":{"allow":["GET"]}}],"collection":[{"href":"https:\/\/www.oparanews.com.br\/index.php\/wp-json\/wp\/v2\/posts"}],"about":[{"href":"https:\/\/www.oparanews.com.br\/index.php\/wp-json\/wp\/v2\/types\/post"}],"author":[{"embeddable":true,"href":"https:\/\/www.oparanews.com.br\/index.php\/wp-json\/wp\/v2\/users\/2"}],"replies":[{"embeddable":true,"href":"https:\/\/www.oparanews.com.br\/index.php\/wp-json\/wp\/v2\/comments?post=23495"}],"version-history":[{"count":1,"href":"https:\/\/www.oparanews.com.br\/index.php\/wp-json\/wp\/v2\/posts\/23495\/revisions"}],"predecessor-version":[{"id":23498,"href":"https:\/\/www.oparanews.com.br\/index.php\/wp-json\/wp\/v2\/posts\/23495\/revisions\/23498"}],"wp:featuredmedia":[{"embeddable":true,"href":"https:\/\/www.oparanews.com.br\/index.php\/wp-json\/wp\/v2\/media\/23496"}],"wp:attachment":[{"href":"https:\/\/www.oparanews.com.br\/index.php\/wp-json\/wp\/v2\/media?parent=23495"}],"wp:term":[{"taxonomy":"category","embeddable":true,"href":"https:\/\/www.oparanews.com.br\/index.php\/wp-json\/wp\/v2\/categories?post=23495"},{"taxonomy":"post_tag","embeddable":true,"href":"https:\/\/www.oparanews.com.br\/index.php\/wp-json\/wp\/v2\/tags?post=23495"}],"curies":[{"name":"wp","href":"https:\/\/api.w.org\/{rel}","templated":true}]}}