{"id":23523,"date":"2022-05-20T16:22:33","date_gmt":"2022-05-20T19:22:33","guid":{"rendered":"https:\/\/www.oparanews.com.br\/?p=23523"},"modified":"2022-05-20T16:22:33","modified_gmt":"2022-05-20T19:22:33","slug":"ronaldo-lopes-anuncia-mais-um-investimento-em-assistencia-social-para-penedo","status":"publish","type":"post","link":"https:\/\/www.oparanews.com.br\/index.php\/2022\/05\/20\/ronaldo-lopes-anuncia-mais-um-investimento-em-assistencia-social-para-penedo\/","title":{"rendered":"Ronaldo Lopes anuncia mais um investimento em assist\u00eancia social para Penedo"},"content":{"rendered":"<p>O Prefeito Ronaldo Lopes divulgou mais um investimento da gest\u00e3o Crescendo Com Seu Povo para atender quem mais precisa da atua\u00e7\u00e3o do poder p\u00fablico.<\/p>\n<p>&nbsp;<\/p>\n<p>O gestor da Prefeitura de Penedo assinou o conv\u00eanio para construir um Centro P\u00fablico de Conviv\u00eancia no bairro Senhor do Bonfim, comunidade remanescente quilombola mais conhecida como Oiteiro.<\/p>\n<p>&nbsp;<\/p>\n<p>O investimento viabilizado com emenda parlamentar da deputada federal Tereza Nelma ser\u00e1 instalado em espa\u00e7o doado pelo munic\u00edpio, local onde funcionou a Escola Estadual Le\u00f4nidas Souza, desativada h\u00e1 mais de 20 anos e repassada \u00e0 Prefeitura de Penedo durante o mandato do Governador Renan Filho.<\/p>\n<p>&nbsp;<\/p>\n<p>A nova finalidade da \u00e1rea p\u00fablica \u201cvai possibilitar uma melhoria das condi\u00e7\u00f5es de atendimento e amplia\u00e7\u00e3o do acesso aos servi\u00e7os de assist\u00eancia para a popula\u00e7\u00e3o em situa\u00e7\u00e3o de vulnerabilidade social\u201d, destaca Ronaldo Lopes sobre o trabalho, agradecendo a parceria da deputada Tereza Nelma.<\/p>\n<p>&nbsp;<\/p>\n<p>Rafael Ferreira, Secret\u00e1rio Municipal de Desenvolvimento Social e Habita\u00e7\u00e3o (SEMDSH), tamb\u00e9m parabenizou o apoio da parlamentar alagoana e informa que, al\u00e9m o servi\u00e7o de assist\u00eancia social, o espa\u00e7o tamb\u00e9m ofertar\u00e1 atividades recreativas e art\u00edsticas.<\/p>\n<p>&nbsp;<\/p>\n<p>&nbsp;<\/p>\n<p><strong>Fonte: Secom PMP<\/strong><\/p>\n<p>&nbsp;<\/p>\n","protected":false},"excerpt":{"rendered":"<p>O Prefeito Ronaldo Lopes divulgou mais um investimento da gest\u00e3o Crescendo Com Seu Povo para atender quem mais precisa da atua\u00e7\u00e3o do poder p\u00fablico. &nbsp; O gestor da Prefeitura de Penedo assinou o conv\u00eanio para construir um Centro P\u00fablico de Conviv\u00eancia no bairro Senhor do Bonfim, comunidade remanescente quilombola mais conhecida como Oiteiro. &nbsp; O &hellip;<\/p>\n","protected":false},"author":2,"featured_media":23524,"comment_status":"open","ping_status":"open","sticky":false,"template":"","format":"standard","meta":{"_jetpack_memberships_contains_paid_content":false,"footnotes":""},"categories":[1,3],"tags":[],"class_list":["post-23523","post","type-post","status-publish","format-standard","has-post-thumbnail","hentry","category-destaque","category-penedo"],"jetpack_featured_media_url":"https:\/\/www.oparanews.com.br\/wp-content\/uploads\/2022\/05\/ronaldo-lopes-tereza-nelma-rafael-ferreira.jpg","jetpack_sharing_enabled":true,"_links":{"self":[{"href":"https:\/\/www.oparanews.com.br\/index.php\/wp-json\/wp\/v2\/posts\/23523","targetHints":{"allow":["GET"]}}],"collection":[{"href":"https:\/\/www.oparanews.com.br\/index.php\/wp-json\/wp\/v2\/posts"}],"about":[{"href":"https:\/\/www.oparanews.com.br\/index.php\/wp-json\/wp\/v2\/types\/post"}],"author":[{"embeddable":true,"href":"https:\/\/www.oparanews.com.br\/index.php\/wp-json\/wp\/v2\/users\/2"}],"replies":[{"embeddable":true,"href":"https:\/\/www.oparanews.com.br\/index.php\/wp-json\/wp\/v2\/comments?post=23523"}],"version-history":[{"count":1,"href":"https:\/\/www.oparanews.com.br\/index.php\/wp-json\/wp\/v2\/posts\/23523\/revisions"}],"predecessor-version":[{"id":23525,"href":"https:\/\/www.oparanews.com.br\/index.php\/wp-json\/wp\/v2\/posts\/23523\/revisions\/23525"}],"wp:featuredmedia":[{"embeddable":true,"href":"https:\/\/www.oparanews.com.br\/index.php\/wp-json\/wp\/v2\/media\/23524"}],"wp:attachment":[{"href":"https:\/\/www.oparanews.com.br\/index.php\/wp-json\/wp\/v2\/media?parent=23523"}],"wp:term":[{"taxonomy":"category","embeddable":true,"href":"https:\/\/www.oparanews.com.br\/index.php\/wp-json\/wp\/v2\/categories?post=23523"},{"taxonomy":"post_tag","embeddable":true,"href":"https:\/\/www.oparanews.com.br\/index.php\/wp-json\/wp\/v2\/tags?post=23523"}],"curies":[{"name":"wp","href":"https:\/\/api.w.org\/{rel}","templated":true}]}}