{"id":23542,"date":"2022-05-22T21:37:27","date_gmt":"2022-05-23T00:37:27","guid":{"rendered":"https:\/\/www.oparanews.com.br\/?p=23542"},"modified":"2022-05-22T21:37:27","modified_gmt":"2022-05-23T00:37:27","slug":"prefeito-ronaldo-lopes-retoma-festas-juninas-em-penedo-com-grande-programacao","status":"publish","type":"post","link":"https:\/\/www.oparanews.com.br\/index.php\/2022\/05\/22\/prefeito-ronaldo-lopes-retoma-festas-juninas-em-penedo-com-grande-programacao\/","title":{"rendered":"Prefeito Ronaldo Lopes retoma festas juninas em Penedo com grande programa\u00e7\u00e3o"},"content":{"rendered":"<p>Buscando movimentar e desenvolver ainda mais a economia local, al\u00e9m de entreter penedenses e turistas nas festividades no m\u00eas de junho, a Prefeitura de Penedo lan\u00e7ou neste domingo, 22 de maio, em suas redes sociais, a programa\u00e7\u00e3o oficial do \u201cArroche O N\u00f3 Penedo\u201d.<\/p>\n<p>&nbsp;<\/p>\n<p><a href=\"http:\/\/www.oparanews.com.br\/wp-content\/uploads\/2022\/05\/ft1.png\"><img loading=\"lazy\" decoding=\"async\" class=\"alignleft size-medium wp-image-23543\" src=\"http:\/\/www.oparanews.com.br\/wp-content\/uploads\/2022\/05\/ft1-240x300.png\" alt=\"\" width=\"240\" height=\"300\" srcset=\"https:\/\/www.oparanews.com.br\/wp-content\/uploads\/2022\/05\/ft1-240x300.png 240w, https:\/\/www.oparanews.com.br\/wp-content\/uploads\/2022\/05\/ft1-819x1024.png 819w, https:\/\/www.oparanews.com.br\/wp-content\/uploads\/2022\/05\/ft1-768x960.png 768w, https:\/\/www.oparanews.com.br\/wp-content\/uploads\/2022\/05\/ft1.png 1080w\" sizes=\"auto, (max-width: 240px) 100vw, 240px\" \/><\/a>Bandas de renome nacional, al\u00e9m de atra\u00e7\u00f5es penedenses e quadrilhas juninas da cidade, devem animar os cinco dias da tradicional festa nordestina, que esse ano acontecer\u00e1 no Sinimbu, orla da cidade, mesmo local onde s\u00e3o realizados os shows musicais da secular Festa do Bom Jesus dos Navegantes, tudo com entrada gratuita.<\/p>\n<p>&nbsp;<\/p>\n<p>O \u201cArroche O N\u00f3 Penedo\u201d estreou em 2021, in\u00edcio da gest\u00e3o Penedo Crescendo Com Seu Povo, um projeto da Secretaria Municipal de Cultura para que artistas da terra se apresentassem atrav\u00e9s de lives durante o per\u00edodo junino do ano passado, \u00e9poca em que a orienta\u00e7\u00e3o dos \u00f3rg\u00e3os competentes n\u00e3o permitia eventos presenciais devido a pandemia de COVID-19.<\/p>\n<p>&nbsp;<\/p>\n<p>Com mais de 100 mil doses aplicadas contra o coronav\u00edrus, a hist\u00f3rica cidade de Penedo j\u00e1 recebe eventos de grande porte, que com certeza trazem desenvolvimento para o munic\u00edpio ribeirinho.<\/p>\n<p>&nbsp;<\/p>\n<p><a href=\"http:\/\/www.oparanews.com.br\/wp-content\/uploads\/2022\/05\/ft2.png\"><img loading=\"lazy\" decoding=\"async\" class=\"alignleft size-medium wp-image-23544\" src=\"http:\/\/www.oparanews.com.br\/wp-content\/uploads\/2022\/05\/ft2-240x300.png\" alt=\"\" width=\"240\" height=\"300\" srcset=\"https:\/\/www.oparanews.com.br\/wp-content\/uploads\/2022\/05\/ft2-240x300.png 240w, https:\/\/www.oparanews.com.br\/wp-content\/uploads\/2022\/05\/ft2-819x1024.png 819w, https:\/\/www.oparanews.com.br\/wp-content\/uploads\/2022\/05\/ft2-768x960.png 768w, https:\/\/www.oparanews.com.br\/wp-content\/uploads\/2022\/05\/ft2.png 1080w\" sizes=\"auto, (max-width: 240px) 100vw, 240px\" \/><\/a>\u201c\u00c9 com grande alegria que organizamos um S\u00e3o Jo\u00e3o arretado de bom. Estar \u00e0 frente da Secretaria Municipal de Cultura promovendo esses eventos \u00e9 algo que gosto muito de fazer, al\u00e9m \u00e9 claro dessas festas ajudarem a economia do nosso munic\u00edpio\u201d, ressaltou Aliny Costa.<\/p>\n<p>&nbsp;<\/p>\n<p>\u201cVenham participar junto conosco, a divers\u00e3o ser\u00e1 garantida. Vamos gastar a sola da bota com muito forr\u00f3 e anima\u00e7\u00e3o!\u201d, concluiu a Secret\u00e1ria Municipal de Cultura, Lazer e Juventude.<\/p>\n<p>&nbsp;<\/p>\n<p><strong>ORGANIZA\u00c7\u00c3O E SEGURAN\u00c7A EM PRIMEIRO LUGAR<\/strong><\/p>\n<p>&nbsp;<\/p>\n<p>Prezando sempre na seguran\u00e7a do seu povo, a gest\u00e3o do prefeito Ronaldo Lopes se adiantou e j\u00e1 realizou reuni\u00f5es com as autoridades competentes, no sentido de compreender ainda mais as necessidades em que um evento dessa magnitude possa necessitar.<\/p>\n<p><a href=\"http:\/\/www.oparanews.com.br\/wp-content\/uploads\/2022\/05\/WhatsApp-Image-2022-05-10-at-11.50.28-4-1.jpeg\"><img loading=\"lazy\" decoding=\"async\" class=\"aligncenter size-full wp-image-23545\" src=\"http:\/\/www.oparanews.com.br\/wp-content\/uploads\/2022\/05\/WhatsApp-Image-2022-05-10-at-11.50.28-4-1.jpeg\" alt=\"\" width=\"1024\" height=\"768\" srcset=\"https:\/\/www.oparanews.com.br\/wp-content\/uploads\/2022\/05\/WhatsApp-Image-2022-05-10-at-11.50.28-4-1.jpeg 1024w, https:\/\/www.oparanews.com.br\/wp-content\/uploads\/2022\/05\/WhatsApp-Image-2022-05-10-at-11.50.28-4-1-300x225.jpeg 300w, https:\/\/www.oparanews.com.br\/wp-content\/uploads\/2022\/05\/WhatsApp-Image-2022-05-10-at-11.50.28-4-1-768x576.jpeg 768w\" sizes=\"auto, (max-width: 1024px) 100vw, 1024px\" \/><\/a><\/p>\n<p>Policiais, bombeiros, seguran\u00e7as, agentes de tr\u00e2nsito, todos est\u00e3o alinhados com o governo municipal para aplicar a\u00e7\u00f5es que possam garantir a seguran\u00e7a de turistas e moradores durante o per\u00edodo do evento festivo.<\/p>\n<p>&nbsp;<\/p>\n<p><strong>GOVERNO DE ALAGOAS D\u00c1 TOTAL APOIO PARA O EVENTO<\/strong><\/p>\n<p>&nbsp;<\/p>\n<p>O governador Paulo Dantas e a Secret\u00e1ria Melina Freitas atenderam ao pedido do prefeito Ronaldo Lopes e ir\u00e3o dar total apoio nas festividades juninas penedense:<\/p>\n<p>&nbsp;<\/p>\n<p>\u201cQuero aqui agradecer de p\u00fablico ao governador Paulo Dantas, que em pouco tempo de governo j\u00e1 nos beneficiou com diversas a\u00e7\u00f5es, dentre elas o apoio a nossa cultura\u201d, explanou Ronaldo Lopes.<\/p>\n<p>&nbsp;<\/p>\n<p>\u201cAl\u00e9m de atra\u00e7\u00f5es de renome nacional, estamos valorizando nossos artistas penedenses e tamb\u00e9m as nossas quadrilhas juninas, que sempre brilham no S\u00e3o Jo\u00e3o e no S\u00e3o Pedro, levando o nome da nossa cidade at\u00e9 para fora do Estado\u201d, finalizou o prefeito de Penedo.<\/p>\n<p>&nbsp;<\/p>\n<p><strong>PROGRAMA\u00c7\u00c3O<\/strong><\/p>\n<p>&nbsp;<\/p>\n<p><strong>Confira agora a programa\u00e7\u00e3o do Arroche O N\u00f3 Penedo 2022:<\/strong><\/p>\n<p>&nbsp;<\/p>\n<p><strong>24\/06 \u2013 Sexta<\/strong><\/p>\n<p>Quadrilha Junina Remelexo, Toninho Copacabana, Rikielly Souza, Val e banda Desejo de Amar.<\/p>\n<p>&nbsp;<\/p>\n<p><strong>25\/06 \u2013 S\u00e1bado<\/strong><\/p>\n<p>Quadrilha Junina Chap\u00e9u de Couro, Juh A Imperadora, Ases do Forr\u00f3, Marcelo Topadinho e Geraldo Cardoso.<\/p>\n<p>&nbsp;<\/p>\n<p><strong>28\/06 \u2013 Ter\u00e7a<\/strong><\/p>\n<p>Forroz\u00e3o Fio Dental, Rafinha Big Love, Jaime Mendes, Peruano<\/p>\n<p>&nbsp;<\/p>\n<p><strong>29\/06 \u2013 Quarta<\/strong><\/p>\n<p>Forroz\u00e3o Rud e Dan, Willy Vaqueiro, L\u00e9o Magalh\u00e3es e Ra\u00ed Saia Rodada<\/p>\n<p>&nbsp;<\/p>\n<p><strong>30\/06 \u2013 Quinta<\/strong><\/p>\n<p>Forroz\u00e3o Hashtag, Nick Bryan, Eric Land e Jo\u00e3o Gomes<\/p>\n<p>&nbsp;<\/p>\n<p>&nbsp;<\/p>\n<p>&nbsp;<\/p>\n<p><strong>Fonte: Secom PMP<\/strong><\/p>\n<p>&nbsp;<\/p>\n","protected":false},"excerpt":{"rendered":"<p>Buscando movimentar e desenvolver ainda mais a economia local, al\u00e9m de entreter penedenses e turistas nas festividades no m\u00eas de junho, a Prefeitura de Penedo lan\u00e7ou neste domingo, 22 de maio, em suas redes sociais, a programa\u00e7\u00e3o oficial do \u201cArroche O N\u00f3 Penedo\u201d. &nbsp; Bandas de renome nacional, al\u00e9m de atra\u00e7\u00f5es penedenses e quadrilhas juninas &hellip;<\/p>\n","protected":false},"author":2,"featured_media":23543,"comment_status":"open","ping_status":"open","sticky":false,"template":"","format":"standard","meta":{"_jetpack_memberships_contains_paid_content":false,"footnotes":""},"categories":[1,3],"tags":[],"class_list":["post-23542","post","type-post","status-publish","format-standard","has-post-thumbnail","hentry","category-destaque","category-penedo"],"jetpack_featured_media_url":"https:\/\/www.oparanews.com.br\/wp-content\/uploads\/2022\/05\/ft1.png","jetpack_sharing_enabled":true,"_links":{"self":[{"href":"https:\/\/www.oparanews.com.br\/index.php\/wp-json\/wp\/v2\/posts\/23542","targetHints":{"allow":["GET"]}}],"collection":[{"href":"https:\/\/www.oparanews.com.br\/index.php\/wp-json\/wp\/v2\/posts"}],"about":[{"href":"https:\/\/www.oparanews.com.br\/index.php\/wp-json\/wp\/v2\/types\/post"}],"author":[{"embeddable":true,"href":"https:\/\/www.oparanews.com.br\/index.php\/wp-json\/wp\/v2\/users\/2"}],"replies":[{"embeddable":true,"href":"https:\/\/www.oparanews.com.br\/index.php\/wp-json\/wp\/v2\/comments?post=23542"}],"version-history":[{"count":1,"href":"https:\/\/www.oparanews.com.br\/index.php\/wp-json\/wp\/v2\/posts\/23542\/revisions"}],"predecessor-version":[{"id":23546,"href":"https:\/\/www.oparanews.com.br\/index.php\/wp-json\/wp\/v2\/posts\/23542\/revisions\/23546"}],"wp:featuredmedia":[{"embeddable":true,"href":"https:\/\/www.oparanews.com.br\/index.php\/wp-json\/wp\/v2\/media\/23543"}],"wp:attachment":[{"href":"https:\/\/www.oparanews.com.br\/index.php\/wp-json\/wp\/v2\/media?parent=23542"}],"wp:term":[{"taxonomy":"category","embeddable":true,"href":"https:\/\/www.oparanews.com.br\/index.php\/wp-json\/wp\/v2\/categories?post=23542"},{"taxonomy":"post_tag","embeddable":true,"href":"https:\/\/www.oparanews.com.br\/index.php\/wp-json\/wp\/v2\/tags?post=23542"}],"curies":[{"name":"wp","href":"https:\/\/api.w.org\/{rel}","templated":true}]}}