{"id":23547,"date":"2022-05-23T13:48:30","date_gmt":"2022-05-23T16:48:30","guid":{"rendered":"https:\/\/www.oparanews.com.br\/?p=23547"},"modified":"2022-05-23T13:48:30","modified_gmt":"2022-05-23T16:48:30","slug":"penedo-mais-iluminada-avanca-para-oiteiro-coreia-e-rodovia-mario-freire-leahy","status":"publish","type":"post","link":"https:\/\/www.oparanews.com.br\/index.php\/2022\/05\/23\/penedo-mais-iluminada-avanca-para-oiteiro-coreia-e-rodovia-mario-freire-leahy\/","title":{"rendered":"Penedo Mais Iluminada avan\u00e7a para Oiteiro, Cor\u00e9ia e rodovia M\u00e1rio Freire Leahy"},"content":{"rendered":"<p>Os avan\u00e7os promovidos pelo governo Ronaldo Lopes em efici\u00eancia energ\u00e9tica est\u00e3o sendo ampliados por meio do programa Penedo Mais Iluminada, trabalho da Superintend\u00eancia de Ilumina\u00e7\u00e3o P\u00fablica de Penedo (SIPE) criada durante a gest\u00e3o Crescendo Com Seu Povo.<\/p>\n<p>&nbsp;<\/p>\n<p>A ades\u00e3o ao Cons\u00f3rcio para Gest\u00e3o de Energia El\u00e9trica e Servi\u00e7os P\u00fablicos (CIGIP) gera mais agilidade aos munic\u00edpios que t\u00eam projetos apresentados para ampliar sua rede de ilumina\u00e7\u00e3o, agora com l\u00e2mpadas de LED, de menor custo, melhor luminosidade e maior durabilidade.<\/p>\n<p>&nbsp;<\/p>\n<p>Os investimentos determinados pelo Prefeito Ronaldo Lopes avan\u00e7am para o bairro Senhor do Bomfim (Oiteiro), inclusive na Rodovia M\u00e1rio Freire Leahy, que nunca foi iluminada e ser\u00e1 um dos locais contemplados pela gest\u00e3o que melhora a qualidade de vida do povo penedense.<\/p>\n<p>&nbsp;<\/p>\n<p>A efici\u00eancia energ\u00e9tica na via asfaltada de acesso \u00e0 orla ribeirinha ser\u00e1 estendida do Trevo do Bom Jesus at\u00e9 a sede da Superintend\u00eancia Municipal de Transporte e Tr\u00e2nsito (SMTT).<\/p>\n<p>&nbsp;<\/p>\n<p>A SIPE tamb\u00e9m vai instalar l\u00e2mpadas de LED no bairro Nossa Senhora de F\u00e1tima (Coreia), um sonho dos moradores do bairro que se tornar\u00e1 realidade gra\u00e7as ao programa Penedo Mais Iluminada.<\/p>\n<p>&nbsp;<\/p>\n<p>\u201cTamb\u00e9m haver\u00e1 a troca das l\u00e2mpadas de toda orla de Penedo, at\u00e9 o porto das balsas, melhorando consideravelmente a ilumina\u00e7\u00e3o daquele trecho. Estamos s\u00f3 aguardando uma nova remessa de material para iniciarmos os trabalhos que tamb\u00e9m contemplam o Trevo da Paisa\u201d, informa Ricardo Ara\u00fajo, superintendente da SIPE.<\/p>\n<p>&nbsp;<\/p>\n<p>&nbsp;<\/p>\n<p><strong>por Fagner Honorato &#8211; Secom PMP<\/strong><\/p>\n<p>&nbsp;<\/p>\n","protected":false},"excerpt":{"rendered":"<p>Os avan\u00e7os promovidos pelo governo Ronaldo Lopes em efici\u00eancia energ\u00e9tica est\u00e3o sendo ampliados por meio do programa Penedo Mais Iluminada, trabalho da Superintend\u00eancia de Ilumina\u00e7\u00e3o P\u00fablica de Penedo (SIPE) criada durante a gest\u00e3o Crescendo Com Seu Povo. &nbsp; A ades\u00e3o ao Cons\u00f3rcio para Gest\u00e3o de Energia El\u00e9trica e Servi\u00e7os P\u00fablicos (CIGIP) gera mais agilidade aos &hellip;<\/p>\n","protected":false},"author":2,"featured_media":23548,"comment_status":"open","ping_status":"open","sticky":false,"template":"","format":"standard","meta":{"_jetpack_memberships_contains_paid_content":false,"footnotes":""},"categories":[1,3],"tags":[],"class_list":["post-23547","post","type-post","status-publish","format-standard","has-post-thumbnail","hentry","category-destaque","category-penedo"],"jetpack_featured_media_url":"https:\/\/www.oparanews.com.br\/wp-content\/uploads\/2022\/05\/iluminacao.jpeg","jetpack_sharing_enabled":true,"_links":{"self":[{"href":"https:\/\/www.oparanews.com.br\/index.php\/wp-json\/wp\/v2\/posts\/23547","targetHints":{"allow":["GET"]}}],"collection":[{"href":"https:\/\/www.oparanews.com.br\/index.php\/wp-json\/wp\/v2\/posts"}],"about":[{"href":"https:\/\/www.oparanews.com.br\/index.php\/wp-json\/wp\/v2\/types\/post"}],"author":[{"embeddable":true,"href":"https:\/\/www.oparanews.com.br\/index.php\/wp-json\/wp\/v2\/users\/2"}],"replies":[{"embeddable":true,"href":"https:\/\/www.oparanews.com.br\/index.php\/wp-json\/wp\/v2\/comments?post=23547"}],"version-history":[{"count":1,"href":"https:\/\/www.oparanews.com.br\/index.php\/wp-json\/wp\/v2\/posts\/23547\/revisions"}],"predecessor-version":[{"id":23549,"href":"https:\/\/www.oparanews.com.br\/index.php\/wp-json\/wp\/v2\/posts\/23547\/revisions\/23549"}],"wp:featuredmedia":[{"embeddable":true,"href":"https:\/\/www.oparanews.com.br\/index.php\/wp-json\/wp\/v2\/media\/23548"}],"wp:attachment":[{"href":"https:\/\/www.oparanews.com.br\/index.php\/wp-json\/wp\/v2\/media?parent=23547"}],"wp:term":[{"taxonomy":"category","embeddable":true,"href":"https:\/\/www.oparanews.com.br\/index.php\/wp-json\/wp\/v2\/categories?post=23547"},{"taxonomy":"post_tag","embeddable":true,"href":"https:\/\/www.oparanews.com.br\/index.php\/wp-json\/wp\/v2\/tags?post=23547"}],"curies":[{"name":"wp","href":"https:\/\/api.w.org\/{rel}","templated":true}]}}