{"id":23560,"date":"2022-05-24T17:56:17","date_gmt":"2022-05-24T20:56:17","guid":{"rendered":"https:\/\/www.oparanews.com.br\/?p=23560"},"modified":"2022-05-24T17:56:17","modified_gmt":"2022-05-24T20:56:17","slug":"vereador-bili-marques-destaca-debates-em-favor-da-populacao-de-penedo","status":"publish","type":"post","link":"https:\/\/www.oparanews.com.br\/index.php\/2022\/05\/24\/vereador-bili-marques-destaca-debates-em-favor-da-populacao-de-penedo\/","title":{"rendered":"Vereador Bili Marques destaca debates em favor da popula\u00e7\u00e3o de Penedo"},"content":{"rendered":"<p>O Vereador Bili Marques ressalta que todos os debates realizados no plen\u00e1rio da C\u00e2mara Municipal de Penedo t\u00eam por objetivo fazer o melhor em favor da popula\u00e7\u00e3o, seja qual for a posi\u00e7\u00e3o do edil entre os blocos do Legislativo, situa\u00e7\u00e3o ou oposi\u00e7\u00e3o.<\/p>\n<p>&nbsp;<\/p>\n<p>Parlamentar experiente, Bili destacou a motiva\u00e7\u00e3o dos edis em seu pronunciamento durante a sess\u00e3o de quinta-feira, 19 de maio, enaltecendo ainda que o munic\u00edpio \u00e9 gerido com seguran\u00e7a administrativa por um governo que tem \u00edmpeto e grande aprova\u00e7\u00e3o popular, mencionando as boas gest\u00f5es da dupla Marcius Beltr\u00e3o\/Ronaldo Lopes.<\/p>\n<p>&nbsp;<\/p>\n<p>Sobre o prefeito penedense, o l\u00edder do governo antecipou que o gestor anunciar\u00e1, em breve, boas not\u00edcias para o funcionalismo municipal, junto com o sindicato, tudo feito com planejamento e fundamentado em previs\u00f5es or\u00e7ament\u00e1rias.<\/p>\n<p>&nbsp;<\/p>\n<p>Bili Marques frisou ainda as dificuldades enfrentadas por Penedo e os demais munic\u00edpios do pa\u00eds para promover assist\u00eancia na \u00e1rea de sa\u00fade devido aos baixos valores do SUS. Apesar disso, o \u00edndice de reclama\u00e7\u00f5es da popula\u00e7\u00e3o \u00e9 baixo em nosso munic\u00edpio, afirmou.<\/p>\n<p>&nbsp;<\/p>\n<p>&nbsp;<\/p>\n<p>&nbsp;<\/p>\n<p><strong>Fonte: Ascom CMP<\/strong><\/p>\n<p>&nbsp;<\/p>\n","protected":false},"excerpt":{"rendered":"<p>O Vereador Bili Marques ressalta que todos os debates realizados no plen\u00e1rio da C\u00e2mara Municipal de Penedo t\u00eam por objetivo fazer o melhor em favor da popula\u00e7\u00e3o, seja qual for a posi\u00e7\u00e3o do edil entre os blocos do Legislativo, situa\u00e7\u00e3o ou oposi\u00e7\u00e3o. &nbsp; Parlamentar experiente, Bili destacou a motiva\u00e7\u00e3o dos edis em seu pronunciamento durante &hellip;<\/p>\n","protected":false},"author":2,"featured_media":23561,"comment_status":"open","ping_status":"open","sticky":false,"template":"","format":"standard","meta":{"_jetpack_memberships_contains_paid_content":false,"footnotes":""},"categories":[1,3],"tags":[],"class_list":["post-23560","post","type-post","status-publish","format-standard","has-post-thumbnail","hentry","category-destaque","category-penedo"],"jetpack_featured_media_url":"https:\/\/www.oparanews.com.br\/wp-content\/uploads\/2022\/05\/vereador-bili-penedo-e1651620763563-1.png","jetpack_sharing_enabled":true,"_links":{"self":[{"href":"https:\/\/www.oparanews.com.br\/index.php\/wp-json\/wp\/v2\/posts\/23560","targetHints":{"allow":["GET"]}}],"collection":[{"href":"https:\/\/www.oparanews.com.br\/index.php\/wp-json\/wp\/v2\/posts"}],"about":[{"href":"https:\/\/www.oparanews.com.br\/index.php\/wp-json\/wp\/v2\/types\/post"}],"author":[{"embeddable":true,"href":"https:\/\/www.oparanews.com.br\/index.php\/wp-json\/wp\/v2\/users\/2"}],"replies":[{"embeddable":true,"href":"https:\/\/www.oparanews.com.br\/index.php\/wp-json\/wp\/v2\/comments?post=23560"}],"version-history":[{"count":1,"href":"https:\/\/www.oparanews.com.br\/index.php\/wp-json\/wp\/v2\/posts\/23560\/revisions"}],"predecessor-version":[{"id":23562,"href":"https:\/\/www.oparanews.com.br\/index.php\/wp-json\/wp\/v2\/posts\/23560\/revisions\/23562"}],"wp:featuredmedia":[{"embeddable":true,"href":"https:\/\/www.oparanews.com.br\/index.php\/wp-json\/wp\/v2\/media\/23561"}],"wp:attachment":[{"href":"https:\/\/www.oparanews.com.br\/index.php\/wp-json\/wp\/v2\/media?parent=23560"}],"wp:term":[{"taxonomy":"category","embeddable":true,"href":"https:\/\/www.oparanews.com.br\/index.php\/wp-json\/wp\/v2\/categories?post=23560"},{"taxonomy":"post_tag","embeddable":true,"href":"https:\/\/www.oparanews.com.br\/index.php\/wp-json\/wp\/v2\/tags?post=23560"}],"curies":[{"name":"wp","href":"https:\/\/api.w.org\/{rel}","templated":true}]}}