{"id":23589,"date":"2022-05-25T20:03:49","date_gmt":"2022-05-25T23:03:49","guid":{"rendered":"https:\/\/www.oparanews.com.br\/?p=23589"},"modified":"2022-05-25T20:03:49","modified_gmt":"2022-05-25T23:03:49","slug":"governo-do-estado-vai-decretar-situacao-de-emergencia-em-alagoas-devido-as-fortes-chuvas","status":"publish","type":"post","link":"https:\/\/www.oparanews.com.br\/index.php\/2022\/05\/25\/governo-do-estado-vai-decretar-situacao-de-emergencia-em-alagoas-devido-as-fortes-chuvas\/","title":{"rendered":"Governo do Estado vai decretar situa\u00e7\u00e3o de emerg\u00eancia em Alagoas devido \u00e0s fortes chuvas"},"content":{"rendered":"<p>O Governo de Alagoas vai publicar um decreto de situa\u00e7\u00e3o de emerg\u00eancia devido \u00e0s fortes chuvas que atingem o Estado desde a noite dessa ter\u00e7a-feira (24) e que j\u00e1 causaram in\u00fameros danos estruturais, deixando centenas de desabrigados nos munic\u00edpios. O an\u00fancio foi feito pelo governador Paulo Dantas na tarde desta quarta-feira (25), durante coletiva de imprensa. Na ocasi\u00e3o, ele ressaltou que o decreto vai garantir maior agilidade no atendimento \u00e0 popula\u00e7\u00e3o.<\/p>\n<p>&nbsp;<\/p>\n<p>Antes de conversar com os jornalistas, Paulo Dantas esteve reunido virtualmente com prefeitos de cidades afetadas pelo temporal, secret\u00e1rios de Estado e representantes de \u00f3rg\u00e3os como a Defesa Civil Estadual e o Corpo de Bombeiros. O governador colocou a estrutura do Estado \u00e0 disposi\u00e7\u00e3o para o atendimento aos gestores municipais, de forma que eles possam entrar em contato direto com os chefes de pastas como a Sa\u00fade, Seguran\u00e7a e Transportes para resolver as demandas.<\/p>\n<p>&nbsp;<\/p>\n<p>\u201cPrecisamos trabalhar com objetividade, e voc\u00eas devem entrar em com contato direto com os secret\u00e1rios. A ideia \u00e9 que possamos trabalhar unindo esfor\u00e7os para levar solu\u00e7\u00f5es para o povo que est\u00e1 sofrendo com as chuvas. Vamos assinar um decreto de emerg\u00eancia para atender a popula\u00e7\u00e3o o mais r\u00e1pido poss\u00edvel\u201d, afirmou o governador, ressaltando que a prioridade s\u00e3o os munic\u00edpios que apresentam situa\u00e7\u00e3o mais grave, como \u00e9 o caso de Feliz Deserto.<\/p>\n<p>&nbsp;<\/p>\n<p>\u201cCom o decreto, poderemos providenciar materiais, cestas nutricionais, colch\u00f5es, cobertores e abrigo para as fam\u00edlias de forma mais c\u00e9lere\u201d, completou Paulo Dantas, acrescentado que entrar\u00e1 em contato com o governo federal para dar ci\u00eancia da situa\u00e7\u00e3o vivida pelo Estado e para que Alagoas possa receber o apoio necess\u00e1rio.<\/p>\n<p>&nbsp;<\/p>\n<p>O coordenador da Defesa Civil Estadual, coronel Mois\u00e9s Melo, destacou o alerta que havia sido feito pelo \u00f3rg\u00e3o para que nenhum munic\u00edpio fosse pego de surpresa pelas fortes chuvas. E afirmou que as equipes est\u00e3o de plant\u00e3o, fazendo o monitoramento da situa\u00e7\u00e3o a todo o momento.<\/p>\n<p>&nbsp;<\/p>\n<p>A parceria entre a Defesa Civil Estadual e os munic\u00edpios tamb\u00e9m foi ressaltada pelo presidente da Associa\u00e7\u00e3o dos Munic\u00edpios Alagoanos (AMA), prefeito Hugo Wanderley, que destacou que, atualmente, 95% dos munic\u00edpios j\u00e1 contam com equipes pr\u00f3prias de Defesa Civil, o que tem ajudado bastante na redu\u00e7\u00e3o dos danos.<\/p>\n<p>&nbsp;<\/p>\n<p>O comandante do Corpo de Bombeiros Militar de Alagoas (CBM\/AL), coronel Jaques Wolbeck Godoi, disse que os homens da Corpora\u00e7\u00e3o t\u00eam atuado fortemente, desde a madrugada, no atendimento aos chamados. S\u00e3o casos de inunda\u00e7\u00f5es, quedas de \u00e1rvores, desabamentos e deslizamentos que chegam ao \u00f3rg\u00e3o por meio do 193 ou da pr\u00f3pria Defesa Civil.<\/p>\n<p>&nbsp;<\/p>\n<p>Na regi\u00e3o de Penedo, bastante afetada pelo temporal, o CBM precisou chamar o efetivo que estava de folga e foi necess\u00e1rio solicitar caminhonetes a outros \u00f3rg\u00e3os do Estado para um atendimento mais r\u00e1pido aos chamados. \u201cS\u00f3 na Regi\u00e3o Metropolitana, s\u00e3o 180 militares atendendo \u00e0s ocorr\u00eancias e estamos prontos para convocar a reserva de folga, caso seja necess\u00e1rio. Por enquanto, o efetivo tem sido suficiente\u201d, afirmou o comandante.<\/p>\n<p>&nbsp;<\/p>\n<p><strong>Balan\u00e7o parcial<\/strong><\/p>\n<p>&nbsp;<\/p>\n<p>Com a previs\u00e3o de chuvas at\u00e9, pelo menos, esta quinta-feira (26), o coordenador da Sala de Alerta da Secretaria de Estado de Meio Ambiente e dos Recursos H\u00eddricos (Semarh), Vin\u00edcius Pinho, fez uma exposi\u00e7\u00e3o durante a reuni\u00e3o com os prefeitos e apontou que o estado \u00e9 de alerta, tendo em vista que, a partir de agora, qualquer precipita\u00e7\u00e3o \u00e9 considerada problem\u00e1tica, pois o solo j\u00e1 est\u00e1 encharcado.<\/p>\n<p>&nbsp;<\/p>\n<p>As regi\u00f5es do Baixo S\u00e3o Francisco, Zona da Mata e Agreste est\u00e3o entre as mais afetadas pelas chuvas, que atingiram 90% dos munic\u00edpios do Estado. Pontes em Limoeiro de Anadia e de Pia\u00e7abu\u00e7u\/Penedo foram afetadas e duas barragens s\u00e3o motivo de preocupa\u00e7\u00e3o, nos munic\u00edpios de Girau do Ponciano e Lagoa da Canoa.<\/p>\n<p>&nbsp;<\/p>\n<p>Os \u00f3rg\u00e3os de monitoramento tamb\u00e9m est\u00e3o atentos ao n\u00edvel das \u00e1guas dos rios, como o Jacu\u00edpe, que atingiu a cota de inunda\u00e7\u00e3o durante a manh\u00e3, mas se manteve est\u00e1vel ao longo do dia. No Vale do Munda\u00fa, onde tamb\u00e9m havia sido registrado um aumento do n\u00edvel do rio, houve uma pequena redu\u00e7\u00e3o nesta tarde, o que pode ser considerada uma boa not\u00edcia.<\/p>\n<p>&nbsp;<\/p>\n<p>Al\u00e9m disso, \u00e9 grande o n\u00famero de desabrigados nos munic\u00edpios. Em Rio Largo, s\u00e3o cerca de 220 pessoas; em Feliz Deserto, cerca de 40. J\u00e1 em Coruripe, esse n\u00famero chega a 300. Deslizamentos e quedas de \u00e1rvores tamb\u00e9m foram problemas registrados por causa do temporal.<\/p>\n<p>&nbsp;<\/p>\n<p>&nbsp;<\/p>\n<p>&nbsp;<\/p>\n<p><strong>por Jamylle Bezerra\/ Ag\u00eancia Alagoas<\/strong><\/p>\n<p>&nbsp;<\/p>\n","protected":false},"excerpt":{"rendered":"<p>O Governo de Alagoas vai publicar um decreto de situa\u00e7\u00e3o de emerg\u00eancia devido \u00e0s fortes chuvas que atingem o Estado desde a noite dessa ter\u00e7a-feira (24) e que j\u00e1 causaram in\u00fameros danos estruturais, deixando centenas de desabrigados nos munic\u00edpios. O an\u00fancio foi feito pelo governador Paulo Dantas na tarde desta quarta-feira (25), durante coletiva de &hellip;<\/p>\n","protected":false},"author":2,"featured_media":23590,"comment_status":"open","ping_status":"open","sticky":false,"template":"","format":"standard","meta":{"_jetpack_memberships_contains_paid_content":false,"footnotes":""},"categories":[4],"tags":[],"class_list":["post-23589","post","type-post","status-publish","format-standard","has-post-thumbnail","hentry","category-alagoas"],"jetpack_featured_media_url":"https:\/\/www.oparanews.com.br\/wp-content\/uploads\/2022\/05\/governo-do-estado-vai-decretar-situacao-de-emergencia-em-alagoas-devido-as-fortes-chuvas-scaled.jpg","jetpack_sharing_enabled":true,"_links":{"self":[{"href":"https:\/\/www.oparanews.com.br\/index.php\/wp-json\/wp\/v2\/posts\/23589","targetHints":{"allow":["GET"]}}],"collection":[{"href":"https:\/\/www.oparanews.com.br\/index.php\/wp-json\/wp\/v2\/posts"}],"about":[{"href":"https:\/\/www.oparanews.com.br\/index.php\/wp-json\/wp\/v2\/types\/post"}],"author":[{"embeddable":true,"href":"https:\/\/www.oparanews.com.br\/index.php\/wp-json\/wp\/v2\/users\/2"}],"replies":[{"embeddable":true,"href":"https:\/\/www.oparanews.com.br\/index.php\/wp-json\/wp\/v2\/comments?post=23589"}],"version-history":[{"count":1,"href":"https:\/\/www.oparanews.com.br\/index.php\/wp-json\/wp\/v2\/posts\/23589\/revisions"}],"predecessor-version":[{"id":23591,"href":"https:\/\/www.oparanews.com.br\/index.php\/wp-json\/wp\/v2\/posts\/23589\/revisions\/23591"}],"wp:featuredmedia":[{"embeddable":true,"href":"https:\/\/www.oparanews.com.br\/index.php\/wp-json\/wp\/v2\/media\/23590"}],"wp:attachment":[{"href":"https:\/\/www.oparanews.com.br\/index.php\/wp-json\/wp\/v2\/media?parent=23589"}],"wp:term":[{"taxonomy":"category","embeddable":true,"href":"https:\/\/www.oparanews.com.br\/index.php\/wp-json\/wp\/v2\/categories?post=23589"},{"taxonomy":"post_tag","embeddable":true,"href":"https:\/\/www.oparanews.com.br\/index.php\/wp-json\/wp\/v2\/tags?post=23589"}],"curies":[{"name":"wp","href":"https:\/\/api.w.org\/{rel}","templated":true}]}}