{"id":23592,"date":"2022-05-25T20:10:07","date_gmt":"2022-05-25T23:10:07","guid":{"rendered":"https:\/\/www.oparanews.com.br\/?p=23592"},"modified":"2022-05-25T20:10:07","modified_gmt":"2022-05-25T23:10:07","slug":"governo-suspende-aulas-na-rede-estadual-pelas-proximas-48-horas","status":"publish","type":"post","link":"https:\/\/www.oparanews.com.br\/index.php\/2022\/05\/25\/governo-suspende-aulas-na-rede-estadual-pelas-proximas-48-horas\/","title":{"rendered":"Governo suspende aulas na rede estadual pelas pr\u00f3ximas 48 horas"},"content":{"rendered":"<p>O governador Paulo Dantas anunciou, nesta quarta-feira (25), a suspens\u00e3o das aulas nas escolas da rede estadual de ensino por 48 horas. A medida tem car\u00e1ter preventivo e se faz necess\u00e1ria em virtude das fortes chuvas que assolam o Estado desde ontem (24) e que, segundo a previs\u00e3o meteorol\u00f3gica, ter\u00e3o continuidade nas pr\u00f3ximas 12 horas.<\/p>\n<p>&nbsp;<\/p>\n<p>As aulas ser\u00e3o retomadas na pr\u00f3xima segunda-feira (30). \u201cAtento aos transtornos acarretados pelas chuvas em Alagoas, o governador decidiu pela suspens\u00e3o das aulas em todo o Estado pelas pr\u00f3ximas 48 horas, como medida preventiva e com o intuito de garantir a seguran\u00e7a de toda a comunidade escolar. Al\u00e9m das chuvas em si, a eleva\u00e7\u00e3o do n\u00edvel dos rios no interior de Alagoas \u00e9 outro motivo de aten\u00e7\u00e3o e, por isso, estamos todos acompanhando a situa\u00e7\u00e3o das nossas escolas junto \u00e0s Ger\u00eancias Regionais de Educa\u00e7\u00e3o\u201d, informa a secret\u00e1ria de Estado da Educa\u00e7\u00e3o, Roseane Vasconcelos.<\/p>\n<p>&nbsp;<\/p>\n<p>O Governo de Alagoas formou um grupo de trabalho e todas as secret\u00e1rias e \u00f3rg\u00e3os est\u00e3o fazendo monitoramento dos problemas causados pelas chuvas em todo o Estado<\/p>\n<p>&nbsp;<\/p>\n<p>&nbsp;<\/p>\n<p>&nbsp;<\/p>\n<p><strong>por Ana Paula Lins \/ Ascom Seduc<\/strong><\/p>\n<p>&nbsp;<\/p>\n","protected":false},"excerpt":{"rendered":"<p>O governador Paulo Dantas anunciou, nesta quarta-feira (25), a suspens\u00e3o das aulas nas escolas da rede estadual de ensino por 48 horas. A medida tem car\u00e1ter preventivo e se faz necess\u00e1ria em virtude das fortes chuvas que assolam o Estado desde ontem (24) e que, segundo a previs\u00e3o meteorol\u00f3gica, ter\u00e3o continuidade nas pr\u00f3ximas 12 horas. &hellip;<\/p>\n","protected":false},"author":2,"featured_media":23593,"comment_status":"open","ping_status":"open","sticky":false,"template":"","format":"standard","meta":{"_jetpack_memberships_contains_paid_content":false,"footnotes":""},"categories":[4],"tags":[],"class_list":["post-23592","post","type-post","status-publish","format-standard","has-post-thumbnail","hentry","category-alagoas"],"jetpack_featured_media_url":"https:\/\/www.oparanews.com.br\/wp-content\/uploads\/2022\/05\/governo-suspende-aulas-na-rede-estadual-pelas-proximas-48-horas-scaled.jpg","jetpack_sharing_enabled":true,"_links":{"self":[{"href":"https:\/\/www.oparanews.com.br\/index.php\/wp-json\/wp\/v2\/posts\/23592","targetHints":{"allow":["GET"]}}],"collection":[{"href":"https:\/\/www.oparanews.com.br\/index.php\/wp-json\/wp\/v2\/posts"}],"about":[{"href":"https:\/\/www.oparanews.com.br\/index.php\/wp-json\/wp\/v2\/types\/post"}],"author":[{"embeddable":true,"href":"https:\/\/www.oparanews.com.br\/index.php\/wp-json\/wp\/v2\/users\/2"}],"replies":[{"embeddable":true,"href":"https:\/\/www.oparanews.com.br\/index.php\/wp-json\/wp\/v2\/comments?post=23592"}],"version-history":[{"count":1,"href":"https:\/\/www.oparanews.com.br\/index.php\/wp-json\/wp\/v2\/posts\/23592\/revisions"}],"predecessor-version":[{"id":23594,"href":"https:\/\/www.oparanews.com.br\/index.php\/wp-json\/wp\/v2\/posts\/23592\/revisions\/23594"}],"wp:featuredmedia":[{"embeddable":true,"href":"https:\/\/www.oparanews.com.br\/index.php\/wp-json\/wp\/v2\/media\/23593"}],"wp:attachment":[{"href":"https:\/\/www.oparanews.com.br\/index.php\/wp-json\/wp\/v2\/media?parent=23592"}],"wp:term":[{"taxonomy":"category","embeddable":true,"href":"https:\/\/www.oparanews.com.br\/index.php\/wp-json\/wp\/v2\/categories?post=23592"},{"taxonomy":"post_tag","embeddable":true,"href":"https:\/\/www.oparanews.com.br\/index.php\/wp-json\/wp\/v2\/tags?post=23592"}],"curies":[{"name":"wp","href":"https:\/\/api.w.org\/{rel}","templated":true}]}}