{"id":23595,"date":"2022-05-26T21:27:00","date_gmt":"2022-05-27T00:27:00","guid":{"rendered":"https:\/\/www.oparanews.com.br\/?p=23595"},"modified":"2022-05-26T21:27:00","modified_gmt":"2022-05-27T00:27:00","slug":"chuvas-danificam-pontes-de-rodovia-estadual-e-de-estrada-na-zona-rural-de-penedo","status":"publish","type":"post","link":"https:\/\/www.oparanews.com.br\/index.php\/2022\/05\/26\/chuvas-danificam-pontes-de-rodovia-estadual-e-de-estrada-na-zona-rural-de-penedo\/","title":{"rendered":"Chuvas danificam pontes de rodovia estadual e de estrada na zona rural de Penedo"},"content":{"rendered":"<p>As chuvas que caem sobre Penedo e regi\u00e3o ribeirinha danificaram a estrutura de tr\u00eas pontes, duas na rodovia AL 105 (via de acesso at\u00e9 Pindorama\/Coruripe) e uma na estrada em dire\u00e7\u00e3o ao povoado Ponta Mofina e localidades pr\u00f3ximas.<\/p>\n<p>&nbsp;<\/p>\n<p>O volume recorde de chuvas sobre o munic\u00edpio (250 mm em menos de 15 horas entre a noite de ter\u00e7a, 24, e o per\u00edodo do dia de ontem) elevou o n\u00edvel dos rios e tornou a correnteza com for\u00e7a suficiente para prejudicar parte das estruturas de concreto.<\/p>\n<p>&nbsp;<\/p>\n<p>Tanto a rodovia estadual quanto a estrada vicinal est\u00e3o com tr\u00e2nsito para ve\u00edculos interrompido, a\u00e7\u00e3o acompanhada pela Defesa Civil Municipal, Secretaria Municipal de Servi\u00e7os P\u00fablicos (SEMSP) e Superintend\u00eancia Municipal de Transporte e Tr\u00e2nsito (SMTT), com apoio integral \u00e0s popula\u00e7\u00f5es afetadas.<\/p>\n<p>&nbsp;<\/p>\n<p>A Prefeitura de Penedo est\u00e1 agindo de forma imediata, socorrendo as v\u00edtimas das chuvas, recolhendo doa\u00e7\u00f5es e trabalhando em diversos pontos da cidade e da zona rural para solucionar problemas.<\/p>\n<p><a href=\"http:\/\/www.oparanews.com.br\/wp-content\/uploads\/2022\/05\/penedo-rua-lagoa-oiteiro-696x392-1.jpeg\"><img loading=\"lazy\" decoding=\"async\" class=\"aligncenter size-full wp-image-23597\" src=\"http:\/\/www.oparanews.com.br\/wp-content\/uploads\/2022\/05\/penedo-rua-lagoa-oiteiro-696x392-1.jpeg\" alt=\"\" width=\"696\" height=\"392\" srcset=\"https:\/\/www.oparanews.com.br\/wp-content\/uploads\/2022\/05\/penedo-rua-lagoa-oiteiro-696x392-1.jpeg 696w, https:\/\/www.oparanews.com.br\/wp-content\/uploads\/2022\/05\/penedo-rua-lagoa-oiteiro-696x392-1-300x169.jpeg 300w, https:\/\/www.oparanews.com.br\/wp-content\/uploads\/2022\/05\/penedo-rua-lagoa-oiteiro-696x392-1-390x220.jpeg 390w\" sizes=\"auto, (max-width: 696px) 100vw, 696px\" \/><\/a><\/p>\n<p>M\u00e1quinas e trabalhadores da Secretaria Municipal de Servi\u00e7os P\u00fablicos est\u00e3o no entorno da Lagoa do Oiteiro, escavando em dois trechos para dar vaz\u00e3o as \u00e1guas que se acumulam no local, continuidade do trabalho iniciado ontem.<\/p>\n<p>&nbsp;<\/p>\n<p>Tamb\u00e9m est\u00e3o sendo utilizando equipamentos para bombear \u00e1gua acumulada da rua Campos Teixeira, uma das mais afetadas por alagamento na parte baixa da cidade.<\/p>\n<p><a href=\"http:\/\/www.oparanews.com.br\/wp-content\/uploads\/2022\/05\/penedo-smtt-av-beira-rio-696x392-1.jpeg\"><img loading=\"lazy\" decoding=\"async\" class=\"aligncenter size-full wp-image-23598\" src=\"http:\/\/www.oparanews.com.br\/wp-content\/uploads\/2022\/05\/penedo-smtt-av-beira-rio-696x392-1.jpeg\" alt=\"\" width=\"696\" height=\"392\" srcset=\"https:\/\/www.oparanews.com.br\/wp-content\/uploads\/2022\/05\/penedo-smtt-av-beira-rio-696x392-1.jpeg 696w, https:\/\/www.oparanews.com.br\/wp-content\/uploads\/2022\/05\/penedo-smtt-av-beira-rio-696x392-1-300x169.jpeg 300w, https:\/\/www.oparanews.com.br\/wp-content\/uploads\/2022\/05\/penedo-smtt-av-beira-rio-696x392-1-390x220.jpeg 390w\" sizes=\"auto, (max-width: 696px) 100vw, 696px\" \/><\/a><\/p>\n<p>&nbsp;<\/p>\n<p>&nbsp;<\/p>\n<p><strong>Fonte: Secom PMP<\/strong><\/p>\n<p>&nbsp;<\/p>\n","protected":false},"excerpt":{"rendered":"<p>As chuvas que caem sobre Penedo e regi\u00e3o ribeirinha danificaram a estrutura de tr\u00eas pontes, duas na rodovia AL 105 (via de acesso at\u00e9 Pindorama\/Coruripe) e uma na estrada em dire\u00e7\u00e3o ao povoado Ponta Mofina e localidades pr\u00f3ximas. &nbsp; O volume recorde de chuvas sobre o munic\u00edpio (250 mm em menos de 15 horas entre &hellip;<\/p>\n","protected":false},"author":2,"featured_media":23596,"comment_status":"open","ping_status":"open","sticky":false,"template":"","format":"standard","meta":{"_jetpack_memberships_contains_paid_content":false,"footnotes":""},"categories":[1,3],"tags":[],"class_list":["post-23595","post","type-post","status-publish","format-standard","has-post-thumbnail","hentry","category-destaque","category-penedo"],"jetpack_featured_media_url":"https:\/\/www.oparanews.com.br\/wp-content\/uploads\/2022\/05\/ponte-al-105-danificada-1.jpeg","jetpack_sharing_enabled":true,"_links":{"self":[{"href":"https:\/\/www.oparanews.com.br\/index.php\/wp-json\/wp\/v2\/posts\/23595","targetHints":{"allow":["GET"]}}],"collection":[{"href":"https:\/\/www.oparanews.com.br\/index.php\/wp-json\/wp\/v2\/posts"}],"about":[{"href":"https:\/\/www.oparanews.com.br\/index.php\/wp-json\/wp\/v2\/types\/post"}],"author":[{"embeddable":true,"href":"https:\/\/www.oparanews.com.br\/index.php\/wp-json\/wp\/v2\/users\/2"}],"replies":[{"embeddable":true,"href":"https:\/\/www.oparanews.com.br\/index.php\/wp-json\/wp\/v2\/comments?post=23595"}],"version-history":[{"count":1,"href":"https:\/\/www.oparanews.com.br\/index.php\/wp-json\/wp\/v2\/posts\/23595\/revisions"}],"predecessor-version":[{"id":23599,"href":"https:\/\/www.oparanews.com.br\/index.php\/wp-json\/wp\/v2\/posts\/23595\/revisions\/23599"}],"wp:featuredmedia":[{"embeddable":true,"href":"https:\/\/www.oparanews.com.br\/index.php\/wp-json\/wp\/v2\/media\/23596"}],"wp:attachment":[{"href":"https:\/\/www.oparanews.com.br\/index.php\/wp-json\/wp\/v2\/media?parent=23595"}],"wp:term":[{"taxonomy":"category","embeddable":true,"href":"https:\/\/www.oparanews.com.br\/index.php\/wp-json\/wp\/v2\/categories?post=23595"},{"taxonomy":"post_tag","embeddable":true,"href":"https:\/\/www.oparanews.com.br\/index.php\/wp-json\/wp\/v2\/tags?post=23595"}],"curies":[{"name":"wp","href":"https:\/\/api.w.org\/{rel}","templated":true}]}}