{"id":23600,"date":"2022-05-26T21:31:07","date_gmt":"2022-05-27T00:31:07","guid":{"rendered":"https:\/\/www.oparanews.com.br\/?p=23600"},"modified":"2022-05-26T21:31:07","modified_gmt":"2022-05-27T00:31:07","slug":"governador-paulo-dantas-decreta-situacao-de-emergencia-em-33-municipios-alagoanos","status":"publish","type":"post","link":"https:\/\/www.oparanews.com.br\/index.php\/2022\/05\/26\/governador-paulo-dantas-decreta-situacao-de-emergencia-em-33-municipios-alagoanos\/","title":{"rendered":"Governador Paulo Dantas decreta situa\u00e7\u00e3o de emerg\u00eancia em 33 munic\u00edpios alagoanos"},"content":{"rendered":"<p>O governador Paulo Dantas assinou, nesta quinta-feira (26), o decreto de situa\u00e7\u00e3o de emerg\u00eancia em 33 munic\u00edpios alagoanos atingidos pelas fortes chuvas registradas nos \u00faltimos dois dias em Alagoas. O decreto ser\u00e1 publicado em edi\u00e7\u00e3o suplementar do Di\u00e1rio Oficial do Estado desta quinta-feira, a partir das 20h, e \u00e9 v\u00e1lido pelo per\u00edodo de 180 dias.<\/p>\n<p>&nbsp;<\/p>\n<p>A decis\u00e3o do governador se deu considerando a preserva\u00e7\u00e3o do bem-estar da popula\u00e7\u00e3o e das atividades socioecon\u00f4micas das regi\u00f5es atingidas pelas chuvas, bem como a ado\u00e7\u00e3o imediata das medidas que se fizerem necess\u00e1rias para, em regime de coopera\u00e7\u00e3o, combater situa\u00e7\u00f5es emergenciais, al\u00e9m do aumento das precipita\u00e7\u00f5es pluviom\u00e9tricas que continuam assolando os munic\u00edpios da Regi\u00e3o Metropolitana, Vale do Munda\u00fa, Litoral Norte e Litoral Sul Alagoano para n\u00edveis sensivelmente superiores ao do normal climatol\u00f3gico e o aumento intensificado das reservas h\u00eddricas.<\/p>\n<p>&nbsp;<\/p>\n<p>A determina\u00e7\u00e3o da situa\u00e7\u00e3o de emerg\u00eancia elenca ainda que foi necess\u00e1rio o decreto devido os impactos decorrentes da intensidade das chuvas que acabaram ocasionando danos humanos, materiais e ambientais, assim como os preju\u00edzos p\u00fablicos e privados. Al\u00e9m de considerar os relat\u00f3rios das condi\u00e7\u00f5es meteorol\u00f3gicas do Estado de Alagoas, elaborado pela Secretaria de Estado do Meio Ambiente e dos Recursos H\u00eddricos (Semarh) e parecer t\u00e9cnico da Coordenadoria Estadual de Defesa Civil de Alagoas (Cedec). O decreto tamb\u00e9m \u00e9 importante para que as empresas concession\u00e1rias possam restabelecer o fornecimento de \u00e1gua e energia nos munic\u00edpios.<\/p>\n<p>&nbsp;<\/p>\n<p>&#8220;Com este decreto, o Estado e prefeituras poder\u00e3o agir com mais rapidez para minimizar as perdas e reconstruir tudo aquilo que foi destru\u00eddo pelas chuvas, como tamb\u00e9m dar toda a assist\u00eancia necess\u00e1ria \u00e0s fam\u00edlias. Est\u00e1vamos aguardando as informa\u00e7\u00f5es necess\u00e1rias das prefeituras para finalizarmos a publica\u00e7\u00e3o. O Corpo de Bombeiros e as Defesas Civil Estadual e Municipal seguem de prontid\u00e3o monitorando todas as \u00e1reas atingidas&#8221;, ressaltou o governador Paulo Dantas.<\/p>\n<p>&nbsp;<\/p>\n<p>Com isso, fica declarada a situa\u00e7\u00e3o de emerg\u00eancia nos seguintes munic\u00edpios: Barra de Santo Ant\u00f4nio, Barra de S\u00e3o Miguel, Bel\u00e9m, Campo Alegre, Coit\u00e9 do N\u00f3ia, Coruripe, Coqueiro Seco, Cra\u00edbas, Feliz Deserto, Flexeiras, Girau do Ponciano, Igreja Nova, Jacu\u00edpe, Jequi\u00e1 da Praia, Macei\u00f3, Maragogi, Marechal Deodoro, Matriz do Camaragibe, Paripueira, Penedo, Pia\u00e7abu\u00e7u, Pilar, Porto Calvo, Porto Real do Col\u00e9gio, Rio Largo, Roteiro, Santa Luzia do Norte, S\u00e3o Br\u00e1s, S\u00e3o Miguel dos Campos, S\u00e3o Miguel dos Milagres, S\u00e3o Sebasti\u00e3o, Teot\u00f4nio Vilela e Traipu.<\/p>\n<p>&nbsp;<\/p>\n<p>Os \u00f3rg\u00e3os estaduais localizados nas \u00e1reas atingidas, competentes para a atua\u00e7\u00e3o espec\u00edfica, adotar\u00e3o as medidas necess\u00e1rias para o combate \u00e0 situa\u00e7\u00e3o de emerg\u00eancia, em conjunto com os \u00f3rg\u00e3os municipais.<\/p>\n<p>&nbsp;<\/p>\n<p>&nbsp;<\/p>\n<p>&nbsp;<\/p>\n<p><strong>por Carlos Victor Costa \/ Ag\u00eancia Alagoas<\/strong><\/p>\n<p>&nbsp;<\/p>\n","protected":false},"excerpt":{"rendered":"<p>O governador Paulo Dantas assinou, nesta quinta-feira (26), o decreto de situa\u00e7\u00e3o de emerg\u00eancia em 33 munic\u00edpios alagoanos atingidos pelas fortes chuvas registradas nos \u00faltimos dois dias em Alagoas. O decreto ser\u00e1 publicado em edi\u00e7\u00e3o suplementar do Di\u00e1rio Oficial do Estado desta quinta-feira, a partir das 20h, e \u00e9 v\u00e1lido pelo per\u00edodo de 180 dias. &hellip;<\/p>\n","protected":false},"author":2,"featured_media":23601,"comment_status":"open","ping_status":"open","sticky":false,"template":"","format":"standard","meta":{"_jetpack_memberships_contains_paid_content":false,"footnotes":""},"categories":[4],"tags":[],"class_list":["post-23600","post","type-post","status-publish","format-standard","has-post-thumbnail","hentry","category-alagoas"],"jetpack_featured_media_url":"https:\/\/www.oparanews.com.br\/wp-content\/uploads\/2022\/05\/governador-paulo-dantas-decreta-situacao-de-emergencia-em-33-municipios-alagoanos-scaled.jpg","jetpack_sharing_enabled":true,"_links":{"self":[{"href":"https:\/\/www.oparanews.com.br\/index.php\/wp-json\/wp\/v2\/posts\/23600","targetHints":{"allow":["GET"]}}],"collection":[{"href":"https:\/\/www.oparanews.com.br\/index.php\/wp-json\/wp\/v2\/posts"}],"about":[{"href":"https:\/\/www.oparanews.com.br\/index.php\/wp-json\/wp\/v2\/types\/post"}],"author":[{"embeddable":true,"href":"https:\/\/www.oparanews.com.br\/index.php\/wp-json\/wp\/v2\/users\/2"}],"replies":[{"embeddable":true,"href":"https:\/\/www.oparanews.com.br\/index.php\/wp-json\/wp\/v2\/comments?post=23600"}],"version-history":[{"count":1,"href":"https:\/\/www.oparanews.com.br\/index.php\/wp-json\/wp\/v2\/posts\/23600\/revisions"}],"predecessor-version":[{"id":23602,"href":"https:\/\/www.oparanews.com.br\/index.php\/wp-json\/wp\/v2\/posts\/23600\/revisions\/23602"}],"wp:featuredmedia":[{"embeddable":true,"href":"https:\/\/www.oparanews.com.br\/index.php\/wp-json\/wp\/v2\/media\/23601"}],"wp:attachment":[{"href":"https:\/\/www.oparanews.com.br\/index.php\/wp-json\/wp\/v2\/media?parent=23600"}],"wp:term":[{"taxonomy":"category","embeddable":true,"href":"https:\/\/www.oparanews.com.br\/index.php\/wp-json\/wp\/v2\/categories?post=23600"},{"taxonomy":"post_tag","embeddable":true,"href":"https:\/\/www.oparanews.com.br\/index.php\/wp-json\/wp\/v2\/tags?post=23600"}],"curies":[{"name":"wp","href":"https:\/\/api.w.org\/{rel}","templated":true}]}}