{"id":23612,"date":"2022-05-27T15:53:40","date_gmt":"2022-05-27T18:53:40","guid":{"rendered":"https:\/\/www.oparanews.com.br\/?p=23612"},"modified":"2022-05-27T15:53:40","modified_gmt":"2022-05-27T18:53:40","slug":"ponto-de-vacinacao-contra-o-covid-19-volta-a-funcionar-no-theatro-sete-de-setembro","status":"publish","type":"post","link":"https:\/\/www.oparanews.com.br\/index.php\/2022\/05\/27\/ponto-de-vacinacao-contra-o-covid-19-volta-a-funcionar-no-theatro-sete-de-setembro\/","title":{"rendered":"Ponto de Vacina\u00e7\u00e3o Contra o Covid-19 volta a funcionar no Theatro Sete de Setembro"},"content":{"rendered":"<p>Depois das fortes chuvas que ca\u00edram na cidade de Penedo e regi\u00e3o alguns programas realizados da prefeitura tiveram que ser paralisados, inclusive a campanha de vacina\u00e7\u00e3o contra Covid-19.<\/p>\n<p>&nbsp;<\/p>\n<p>Desenvolvida pela Prefeitura de Penedo e executada pela Secretaria Municipal de Sa\u00fade (SEMS), a imuniza\u00e7\u00e3o tem seu ponto fixo transferido do gin\u00e1sio da Escola Estadual Ernani M\u00e9ro para o Theatro Sete de Setembro, localizado no Centro Hist\u00f3rico da cidade.<\/p>\n<p>&nbsp;<\/p>\n<p>As vacinas contra o coronav\u00edrus j\u00e1 est\u00e1 novamente dispon\u00edvel no espa\u00e7o cultural a partir desta sexta sexta-feira, 27, com hor\u00e1rio de atendimento ao p\u00fablico aberto \u00e0s 7 horas e encerrado \u00e0s 17 horas nos dias \u00fateis, com intervalo para almo\u00e7o (12h00 \u00e0s 14 horas). Nos s\u00e1bados, a vacina\u00e7\u00e3o no Theatro 7 de Setembro encerra \u00e0s 14 horas.<\/p>\n<p>&nbsp;<\/p>\n<p>A Secretaria Municipal de Sa\u00fade informa ainda que o imunizante Pfizer para aplica\u00e7\u00e3o da segunda dose est\u00e1 em falta e aguarda nova remessa.<\/p>\n<p>&nbsp;<\/p>\n<p>&nbsp;<\/p>\n<p><strong>por Fagner Honorato &#8211; Secom PMP<\/strong><\/p>\n<p>&nbsp;<\/p>\n<p><a href=\"http:\/\/www.oparanews.com.br\/wp-content\/uploads\/2022\/05\/card-vacinacao-696x1238-1.jpeg\"><img loading=\"lazy\" decoding=\"async\" class=\"alignleft size-full wp-image-23614\" src=\"http:\/\/www.oparanews.com.br\/wp-content\/uploads\/2022\/05\/card-vacinacao-696x1238-1.jpeg\" alt=\"\" width=\"696\" height=\"1238\" srcset=\"https:\/\/www.oparanews.com.br\/wp-content\/uploads\/2022\/05\/card-vacinacao-696x1238-1.jpeg 696w, https:\/\/www.oparanews.com.br\/wp-content\/uploads\/2022\/05\/card-vacinacao-696x1238-1-169x300.jpeg 169w, https:\/\/www.oparanews.com.br\/wp-content\/uploads\/2022\/05\/card-vacinacao-696x1238-1-576x1024.jpeg 576w\" sizes=\"auto, (max-width: 696px) 100vw, 696px\" \/><\/a><\/p>\n","protected":false},"excerpt":{"rendered":"<p>Depois das fortes chuvas que ca\u00edram na cidade de Penedo e regi\u00e3o alguns programas realizados da prefeitura tiveram que ser paralisados, inclusive a campanha de vacina\u00e7\u00e3o contra Covid-19. &nbsp; Desenvolvida pela Prefeitura de Penedo e executada pela Secretaria Municipal de Sa\u00fade (SEMS), a imuniza\u00e7\u00e3o tem seu ponto fixo transferido do gin\u00e1sio da Escola Estadual Ernani &hellip;<\/p>\n","protected":false},"author":2,"featured_media":23613,"comment_status":"open","ping_status":"open","sticky":false,"template":"","format":"standard","meta":{"_jetpack_memberships_contains_paid_content":false,"footnotes":""},"categories":[1,3],"tags":[],"class_list":["post-23612","post","type-post","status-publish","format-standard","has-post-thumbnail","hentry","category-destaque","category-penedo"],"jetpack_featured_media_url":"https:\/\/www.oparanews.com.br\/wp-content\/uploads\/2022\/05\/Vacina-contra-COVID-19.jpg","jetpack_sharing_enabled":true,"_links":{"self":[{"href":"https:\/\/www.oparanews.com.br\/index.php\/wp-json\/wp\/v2\/posts\/23612","targetHints":{"allow":["GET"]}}],"collection":[{"href":"https:\/\/www.oparanews.com.br\/index.php\/wp-json\/wp\/v2\/posts"}],"about":[{"href":"https:\/\/www.oparanews.com.br\/index.php\/wp-json\/wp\/v2\/types\/post"}],"author":[{"embeddable":true,"href":"https:\/\/www.oparanews.com.br\/index.php\/wp-json\/wp\/v2\/users\/2"}],"replies":[{"embeddable":true,"href":"https:\/\/www.oparanews.com.br\/index.php\/wp-json\/wp\/v2\/comments?post=23612"}],"version-history":[{"count":1,"href":"https:\/\/www.oparanews.com.br\/index.php\/wp-json\/wp\/v2\/posts\/23612\/revisions"}],"predecessor-version":[{"id":23615,"href":"https:\/\/www.oparanews.com.br\/index.php\/wp-json\/wp\/v2\/posts\/23612\/revisions\/23615"}],"wp:featuredmedia":[{"embeddable":true,"href":"https:\/\/www.oparanews.com.br\/index.php\/wp-json\/wp\/v2\/media\/23613"}],"wp:attachment":[{"href":"https:\/\/www.oparanews.com.br\/index.php\/wp-json\/wp\/v2\/media?parent=23612"}],"wp:term":[{"taxonomy":"category","embeddable":true,"href":"https:\/\/www.oparanews.com.br\/index.php\/wp-json\/wp\/v2\/categories?post=23612"},{"taxonomy":"post_tag","embeddable":true,"href":"https:\/\/www.oparanews.com.br\/index.php\/wp-json\/wp\/v2\/tags?post=23612"}],"curies":[{"name":"wp","href":"https:\/\/api.w.org\/{rel}","templated":true}]}}