{"id":23619,"date":"2022-05-28T15:11:44","date_gmt":"2022-05-28T18:11:44","guid":{"rendered":"https:\/\/www.oparanews.com.br\/?p=23619"},"modified":"2022-05-28T15:11:44","modified_gmt":"2022-05-28T18:11:44","slug":"vereador-bili-marques-destaca-eficiencia-e-rapidez-da-prefeitura-de-penedo-no-socorro-as-vitimas-das-chuvas","status":"publish","type":"post","link":"https:\/\/www.oparanews.com.br\/index.php\/2022\/05\/28\/vereador-bili-marques-destaca-eficiencia-e-rapidez-da-prefeitura-de-penedo-no-socorro-as-vitimas-das-chuvas\/","title":{"rendered":"Vereador Bili Marques destaca efici\u00eancia e rapidez da Prefeitura de Penedo no socorro \u00e0s v\u00edtimas das chuvas"},"content":{"rendered":"<p>Equipes das secretarias da Prefeitura de Penedo mobilizadas, de forma imediata, para atender as ocorr\u00eancias geradas pelas fortes chuvas no munic\u00edpio receberam elogios do Vereador Bili Marques.<\/p>\n<p>&nbsp;<\/p>\n<p>O parlamentar enalteceu a resposta r\u00e1pida e eficaz do poder p\u00fablico para a situa\u00e7\u00e3o com registro recorde de chuvas no munic\u00edpio. Informa\u00e7\u00f5es oficiais registradas a partir de 1934, ano em que se iniciou o levantamento pluviom\u00e9trico, mostram que a m\u00e1xima alcan\u00e7ou 250 mm, superando a marca de 200 mm verificada em 1945.<\/p>\n<p>&nbsp;<\/p>\n<p>O parlamentar comentou as solu\u00e7\u00f5es emergenciais para o escoamento das \u00e1guas acumuladas no entorno da Lagoa do Oiteiro, ruas abertas com m\u00e1quina retroescavadeira, e o uso de equipamentos para bombear as \u00e1guas das ruas para o rio S\u00e3o Francisco.<\/p>\n<p>&nbsp;<\/p>\n<p>Bili Marques tamb\u00e9m parabenizou a solidariedade da popula\u00e7\u00e3o penedense e o empenho dos demais colegas parlamentares no apoio aos desabrigados, frisando que problemas semelhantes dever\u00e3o continuar ocorrendo, em todo o planeta, por conta das agress\u00f5es ao meio ambiente, frisando a necessidade de se evitar o descarte irregular de lixo nas vias p\u00fablicas, material que se acumula nas redes de drenagem e de saneamento, gerando assim o alagamento de ruas e casas.<\/p>\n<p>&nbsp;<\/p>\n<p>&nbsp;<\/p>\n<p>&nbsp;<\/p>\n<p><strong>Fonte: Ascom CMP<\/strong><\/p>\n<p>&nbsp;<\/p>\n","protected":false},"excerpt":{"rendered":"<p>Equipes das secretarias da Prefeitura de Penedo mobilizadas, de forma imediata, para atender as ocorr\u00eancias geradas pelas fortes chuvas no munic\u00edpio receberam elogios do Vereador Bili Marques. &nbsp; O parlamentar enalteceu a resposta r\u00e1pida e eficaz do poder p\u00fablico para a situa\u00e7\u00e3o com registro recorde de chuvas no munic\u00edpio. Informa\u00e7\u00f5es oficiais registradas a partir de &hellip;<\/p>\n","protected":false},"author":2,"featured_media":23620,"comment_status":"open","ping_status":"open","sticky":false,"template":"","format":"standard","meta":{"_jetpack_memberships_contains_paid_content":false,"footnotes":""},"categories":[1,3],"tags":[],"class_list":["post-23619","post","type-post","status-publish","format-standard","has-post-thumbnail","hentry","category-destaque","category-penedo"],"jetpack_featured_media_url":"https:\/\/www.oparanews.com.br\/wp-content\/uploads\/2022\/05\/bilimarques.jpg","jetpack_sharing_enabled":true,"_links":{"self":[{"href":"https:\/\/www.oparanews.com.br\/index.php\/wp-json\/wp\/v2\/posts\/23619","targetHints":{"allow":["GET"]}}],"collection":[{"href":"https:\/\/www.oparanews.com.br\/index.php\/wp-json\/wp\/v2\/posts"}],"about":[{"href":"https:\/\/www.oparanews.com.br\/index.php\/wp-json\/wp\/v2\/types\/post"}],"author":[{"embeddable":true,"href":"https:\/\/www.oparanews.com.br\/index.php\/wp-json\/wp\/v2\/users\/2"}],"replies":[{"embeddable":true,"href":"https:\/\/www.oparanews.com.br\/index.php\/wp-json\/wp\/v2\/comments?post=23619"}],"version-history":[{"count":1,"href":"https:\/\/www.oparanews.com.br\/index.php\/wp-json\/wp\/v2\/posts\/23619\/revisions"}],"predecessor-version":[{"id":23621,"href":"https:\/\/www.oparanews.com.br\/index.php\/wp-json\/wp\/v2\/posts\/23619\/revisions\/23621"}],"wp:featuredmedia":[{"embeddable":true,"href":"https:\/\/www.oparanews.com.br\/index.php\/wp-json\/wp\/v2\/media\/23620"}],"wp:attachment":[{"href":"https:\/\/www.oparanews.com.br\/index.php\/wp-json\/wp\/v2\/media?parent=23619"}],"wp:term":[{"taxonomy":"category","embeddable":true,"href":"https:\/\/www.oparanews.com.br\/index.php\/wp-json\/wp\/v2\/categories?post=23619"},{"taxonomy":"post_tag","embeddable":true,"href":"https:\/\/www.oparanews.com.br\/index.php\/wp-json\/wp\/v2\/tags?post=23619"}],"curies":[{"name":"wp","href":"https:\/\/api.w.org\/{rel}","templated":true}]}}