{"id":23622,"date":"2022-05-28T15:12:52","date_gmt":"2022-05-28T18:12:52","guid":{"rendered":"https:\/\/www.oparanews.com.br\/?p=23622"},"modified":"2022-05-28T15:12:52","modified_gmt":"2022-05-28T18:12:52","slug":"vereador-rodrigo-regueira-cobra-pagamento-do-piso-nacional-para-agentes-de-saude","status":"publish","type":"post","link":"https:\/\/www.oparanews.com.br\/index.php\/2022\/05\/28\/vereador-rodrigo-regueira-cobra-pagamento-do-piso-nacional-para-agentes-de-saude\/","title":{"rendered":"Vereador Rodrigo Regueira cobra pagamento do piso nacional para agentes de sa\u00fade"},"content":{"rendered":"<p>Agentes Comunit\u00e1rios de Sa\u00fade e Agentes de Combate \u00e0s Endemias j\u00e1 t\u00eam direito ao piso nacional no valor de dois sal\u00e1rios m\u00ednimos, medida que o Vereador Rodrigo Regueira pede a efetiva\u00e7\u00e3o para as duas categorias.<\/p>\n<p>&nbsp;<\/p>\n<p>O pleito em favor dos ACSs e ACEs foi apresentado pelo parlamentar na C\u00e2mara Municipal de Penedo durante a sess\u00e3o desta quinta-feira, 26.<\/p>\n<p>&nbsp;<\/p>\n<p>Ele citou que h\u00e1 munic\u00edpios que j\u00e1 adotaram o piso nacional, pagando com recursos pr\u00f3prios com amparo legal e assim que o governo federal repassar os recursos haver\u00e1 a devida compensa\u00e7\u00e3o.<\/p>\n<p>&nbsp;<\/p>\n<p>Sobre as fortes chuvas que caem sobre Penedo, Rodrigo Regueira externou sua preocupa\u00e7\u00e3o e atua\u00e7\u00e3o imediata. Junto com familiares e apoiadores, ele percorreu bairros e povoados para verificar os problemas, ao tempo em que agilizava a doa\u00e7\u00e3o de donativos \u00e0s v\u00edtimas, enaltecendo a solidariedade da popula\u00e7\u00e3o e dos demais edis.<\/p>\n<p>&nbsp;<\/p>\n<p>Na forma de requerimento, o vereador pede que a Secretaria de Servi\u00e7os P\u00fablico informe cronograma de recupera\u00e7\u00e3o das estradas da zona rural, trabalho que exige prioridade da administra\u00e7\u00e3o municipal em fun\u00e7\u00e3o de comunidades ilhadas pelas chuvas.<\/p>\n<p>&nbsp;<\/p>\n<p>&nbsp;<\/p>\n<p>&nbsp;<\/p>\n<p><strong>Fonte: Ascom CMP<\/strong><\/p>\n<p>&nbsp;<\/p>\n","protected":false},"excerpt":{"rendered":"<p>Agentes Comunit\u00e1rios de Sa\u00fade e Agentes de Combate \u00e0s Endemias j\u00e1 t\u00eam direito ao piso nacional no valor de dois sal\u00e1rios m\u00ednimos, medida que o Vereador Rodrigo Regueira pede a efetiva\u00e7\u00e3o para as duas categorias. &nbsp; O pleito em favor dos ACSs e ACEs foi apresentado pelo parlamentar na C\u00e2mara Municipal de Penedo durante a &hellip;<\/p>\n","protected":false},"author":2,"featured_media":23623,"comment_status":"open","ping_status":"open","sticky":false,"template":"","format":"standard","meta":{"_jetpack_memberships_contains_paid_content":false,"footnotes":""},"categories":[1,3],"tags":[],"class_list":["post-23622","post","type-post","status-publish","format-standard","has-post-thumbnail","hentry","category-destaque","category-penedo"],"jetpack_featured_media_url":"https:\/\/www.oparanews.com.br\/wp-content\/uploads\/2022\/05\/rodrigoregueira.jpg","jetpack_sharing_enabled":true,"_links":{"self":[{"href":"https:\/\/www.oparanews.com.br\/index.php\/wp-json\/wp\/v2\/posts\/23622","targetHints":{"allow":["GET"]}}],"collection":[{"href":"https:\/\/www.oparanews.com.br\/index.php\/wp-json\/wp\/v2\/posts"}],"about":[{"href":"https:\/\/www.oparanews.com.br\/index.php\/wp-json\/wp\/v2\/types\/post"}],"author":[{"embeddable":true,"href":"https:\/\/www.oparanews.com.br\/index.php\/wp-json\/wp\/v2\/users\/2"}],"replies":[{"embeddable":true,"href":"https:\/\/www.oparanews.com.br\/index.php\/wp-json\/wp\/v2\/comments?post=23622"}],"version-history":[{"count":1,"href":"https:\/\/www.oparanews.com.br\/index.php\/wp-json\/wp\/v2\/posts\/23622\/revisions"}],"predecessor-version":[{"id":23624,"href":"https:\/\/www.oparanews.com.br\/index.php\/wp-json\/wp\/v2\/posts\/23622\/revisions\/23624"}],"wp:featuredmedia":[{"embeddable":true,"href":"https:\/\/www.oparanews.com.br\/index.php\/wp-json\/wp\/v2\/media\/23623"}],"wp:attachment":[{"href":"https:\/\/www.oparanews.com.br\/index.php\/wp-json\/wp\/v2\/media?parent=23622"}],"wp:term":[{"taxonomy":"category","embeddable":true,"href":"https:\/\/www.oparanews.com.br\/index.php\/wp-json\/wp\/v2\/categories?post=23622"},{"taxonomy":"post_tag","embeddable":true,"href":"https:\/\/www.oparanews.com.br\/index.php\/wp-json\/wp\/v2\/tags?post=23622"}],"curies":[{"name":"wp","href":"https:\/\/api.w.org\/{rel}","templated":true}]}}