{"id":23636,"date":"2022-05-29T20:52:59","date_gmt":"2022-05-29T23:52:59","guid":{"rendered":"https:\/\/www.oparanews.com.br\/?p=23636"},"modified":"2022-05-29T20:52:59","modified_gmt":"2022-05-29T23:52:59","slug":"penedo-teve-42-550-pessoas-afetadas-pelas-chuvas","status":"publish","type":"post","link":"https:\/\/www.oparanews.com.br\/index.php\/2022\/05\/29\/penedo-teve-42-550-pessoas-afetadas-pelas-chuvas\/","title":{"rendered":"Penedo teve 42.550 pessoas afetadas pelas chuvas"},"content":{"rendered":"<p>Um dos objetivos da visita t\u00e9cnica de representantes da Defesa Civil Nacional em Penedo foi orientar sobre a elabora\u00e7\u00e3o dos relat\u00f3rios enviados aos governos estadual e federal.<\/p>\n<p>&nbsp;<\/p>\n<p>Com base na metodologia informada para representantes da Prefeitura de Penedo durante reuni\u00e3o que concluiu a agenda de trabalho da Defesa Civil Nacional sobre os preju\u00edzos causados pelas chuvas e a assist\u00eancia prestada \u00e0s v\u00edtimas.<\/p>\n<p>&nbsp;<\/p>\n<p>Um dos pontos mais relevantes \u00e9 a inclus\u00e3o do n\u00famero de afetados, ou seja, pessoas residentes em Penedo que foram ou est\u00e3o sendo prejudicadas pela calamidade, c\u00e1lculo feito com base em dados do SUAS para dimensionar quantas pessoas est\u00e3o afetadas.<\/p>\n<p>&nbsp;<\/p>\n<p>Isso engloba diversas situa\u00e7\u00f5es, como povoados que ficaram sem acesso, comunidades ilhadas, \u00e1reas com vias danificadas, pessoas com im\u00f3veis prejudicados, estudantes sem aulas, dentre outras situa\u00e7\u00f5es.<\/p>\n<p>&nbsp;<\/p>\n<p>\u00c9 importante ressaltar que o n\u00famero de desabrigados aumentou por conta da identifica\u00e7\u00e3o de im\u00f3veis com risco de desabamento, trabalho que tem o acompanhamento de pessoal t\u00e9cnico da Secretaria Municipal de Infraestrutura e de assistentes sociais.<\/p>\n<p>&nbsp;<\/p>\n<p>Al\u00e9m desse aspecto, outra informa\u00e7\u00e3o relevante diz respeito ao volume de chuvas em Penedo entre ter\u00e7a, 24, e quarta-feira, 25, acima dos 260 mm informados anteriormente.<\/p>\n<p>&nbsp;<\/p>\n<p>De acordo com o Centro Nacional de Monitoramento e Alerta de Desastres Naturais (Cemaden), a precipita\u00e7\u00e3o acumulada entre esses dois dias alcan\u00e7ou a m\u00e1xima de 300 mm, conforme consta no documento abaixo.<\/p>\n<p>&nbsp;<\/p>\n<p><a href=\"https:\/\/penedo.al.gov.br\/wp-content\/uploads\/2022\/05\/dados-chuvas-penedo-cemaden.pdf\"><strong>dados chuvas penedo cemaden<\/strong><\/a><\/p>\n<p>&nbsp;<\/p>\n<p>Abaixo os dados atualizados neste domingo, 29 de maio:<\/p>\n<p>&nbsp;<\/p>\n<p><strong>Desabrigados<\/strong><\/p>\n<p>&nbsp;<\/p>\n<p>Total: 630 pessoas<\/p>\n<p>Homens: 278 pessoas<\/p>\n<p>Mulheres: 352 pessoas<\/p>\n<p>Crian\u00e7as: 188<\/p>\n<p>Idosos: 128<\/p>\n<p>&nbsp;<\/p>\n<p><strong>Desalojados<\/strong><\/p>\n<p>&nbsp;<\/p>\n<p>Total: 6.872 pessoas<\/p>\n<p>Homens:3.304 pessoas<\/p>\n<p>Mulheres:3.568 pessoas<\/p>\n<p>Crian\u00e7as: 2.526<\/p>\n<p>Idosos: 1.872<\/p>\n<p>&nbsp;<\/p>\n<p><strong>Afetados<\/strong><\/p>\n<p>&nbsp;<\/p>\n<p>Total: 42.550 pessoas<\/p>\n<p>Homens: 20.577 pessoas<\/p>\n<p>Mulheres:22.127 pessoas<\/p>\n<p>Crian\u00e7as:9.192<\/p>\n<p>Idosos:6.118<\/p>\n<p>&nbsp;<\/p>\n<p>&nbsp;<\/p>\n<p>&nbsp;<\/p>\n<p><strong>Fonte: Secom PMP<\/strong><\/p>\n<p>&nbsp;<\/p>\n","protected":false},"excerpt":{"rendered":"<p>Um dos objetivos da visita t\u00e9cnica de representantes da Defesa Civil Nacional em Penedo foi orientar sobre a elabora\u00e7\u00e3o dos relat\u00f3rios enviados aos governos estadual e federal. &nbsp; Com base na metodologia informada para representantes da Prefeitura de Penedo durante reuni\u00e3o que concluiu a agenda de trabalho da Defesa Civil Nacional sobre os preju\u00edzos causados &hellip;<\/p>\n","protected":false},"author":2,"featured_media":23637,"comment_status":"open","ping_status":"open","sticky":false,"template":"","format":"standard","meta":{"_jetpack_memberships_contains_paid_content":false,"footnotes":""},"categories":[1,3],"tags":[],"class_list":["post-23636","post","type-post","status-publish","format-standard","has-post-thumbnail","hentry","category-destaque","category-penedo"],"jetpack_featured_media_url":"https:\/\/www.oparanews.com.br\/wp-content\/uploads\/2022\/05\/penedo-defesa-civil.jpeg","jetpack_sharing_enabled":true,"_links":{"self":[{"href":"https:\/\/www.oparanews.com.br\/index.php\/wp-json\/wp\/v2\/posts\/23636","targetHints":{"allow":["GET"]}}],"collection":[{"href":"https:\/\/www.oparanews.com.br\/index.php\/wp-json\/wp\/v2\/posts"}],"about":[{"href":"https:\/\/www.oparanews.com.br\/index.php\/wp-json\/wp\/v2\/types\/post"}],"author":[{"embeddable":true,"href":"https:\/\/www.oparanews.com.br\/index.php\/wp-json\/wp\/v2\/users\/2"}],"replies":[{"embeddable":true,"href":"https:\/\/www.oparanews.com.br\/index.php\/wp-json\/wp\/v2\/comments?post=23636"}],"version-history":[{"count":1,"href":"https:\/\/www.oparanews.com.br\/index.php\/wp-json\/wp\/v2\/posts\/23636\/revisions"}],"predecessor-version":[{"id":23638,"href":"https:\/\/www.oparanews.com.br\/index.php\/wp-json\/wp\/v2\/posts\/23636\/revisions\/23638"}],"wp:featuredmedia":[{"embeddable":true,"href":"https:\/\/www.oparanews.com.br\/index.php\/wp-json\/wp\/v2\/media\/23637"}],"wp:attachment":[{"href":"https:\/\/www.oparanews.com.br\/index.php\/wp-json\/wp\/v2\/media?parent=23636"}],"wp:term":[{"taxonomy":"category","embeddable":true,"href":"https:\/\/www.oparanews.com.br\/index.php\/wp-json\/wp\/v2\/categories?post=23636"},{"taxonomy":"post_tag","embeddable":true,"href":"https:\/\/www.oparanews.com.br\/index.php\/wp-json\/wp\/v2\/tags?post=23636"}],"curies":[{"name":"wp","href":"https:\/\/api.w.org\/{rel}","templated":true}]}}