{"id":23648,"date":"2022-05-30T16:12:26","date_gmt":"2022-05-30T19:12:26","guid":{"rendered":"https:\/\/www.oparanews.com.br\/?p=23648"},"modified":"2022-05-30T16:12:26","modified_gmt":"2022-05-30T19:12:26","slug":"chuvas-voltam-a-causar-transtornos-em-penedo","status":"publish","type":"post","link":"https:\/\/www.oparanews.com.br\/index.php\/2022\/05\/30\/chuvas-voltam-a-causar-transtornos-em-penedo\/","title":{"rendered":"Chuvas voltam a causar transtornos em Penedo"},"content":{"rendered":"<p>Ap\u00f3s uma pequena tr\u00e9gua no \u00faltimo final de semana em Penedo, as fortes chuvas voltaram a cair nesta segunda-feira, deixando o munic\u00edpio em estado de alerta.<\/p>\n<p>&nbsp;<\/p>\n<p>\u00c9 importante frisar que as equipes da Prefeitura de Penedo seguem trabalhando, e est\u00e3o direcionados para dar assist\u00eancia \u00e0s pessoas desabrigadas e desalojadas.<\/p>\n<p>&nbsp;<\/p>\n<p>O acolhimento \u00e9 feito por trabalhadores das pastas de Assist\u00eancia Social, Sa\u00fade e Educa\u00e7\u00e3o, com mobiliza\u00e7\u00e3o de todos os setores da administra\u00e7\u00e3o, conforme determina\u00e7\u00e3o do Prefeito Ronaldo Lopes.<\/p>\n<p>&nbsp;<\/p>\n<p>Tamb\u00e9m \u00e9 importante seguir as recomenda\u00e7\u00f5es da Defesa Civil, que orienta como se proteger durante o per\u00edodo de chuvas.<\/p>\n<p>&nbsp;<\/p>\n<p><strong>Confira abaixo:<\/strong><\/p>\n<p>&nbsp;<\/p>\n<p>\u2022 \u2013 Se voc\u00ea observar o aparecimento de rachaduras nas paredes das casas, inclina\u00e7\u00e3o de tronco de \u00e1rvores, de postes e o surgimento de infiltra\u00e7\u00f5es, avise imediatamente a Defesa Civil<\/p>\n<p>\u2022 \u2013 Avise aos seus vizinhos sobre o perigo, no caso de casas constru\u00eddas em \u00e1reas de riscos<\/p>\n<p>\u2022 \u2013 Evite sair com chuvas intensas, permane\u00e7a em locais seguros<\/p>\n<p>\u2022 \u2013 N\u00e3o atravesse pontes e ruas alagadas ou com enxurradas<\/p>\n<p>\u2022 \u2013 Nunca se abrigue debaixo de \u00e1rvores isoladas<\/p>\n<p>\u2022 \u2013 Em casos de alagamento, auxilie crian\u00e7as, idosos e pessoas com dificuldade de locomo\u00e7\u00e3o pr\u00f3ximas a voc\u00ea<\/p>\n<p>\u2022 \u2013 Evite contato com a \u00e1gua de alagamentos, pois podem estar contaminadas e provocar doen\u00e7as<\/p>\n<p>&nbsp;<\/p>\n<p>&nbsp;<\/p>\n<p><strong>Fonte: Secom PMP<\/strong><\/p>\n<p>&nbsp;<\/p>\n","protected":false},"excerpt":{"rendered":"<p>Ap\u00f3s uma pequena tr\u00e9gua no \u00faltimo final de semana em Penedo, as fortes chuvas voltaram a cair nesta segunda-feira, deixando o munic\u00edpio em estado de alerta. &nbsp; \u00c9 importante frisar que as equipes da Prefeitura de Penedo seguem trabalhando, e est\u00e3o direcionados para dar assist\u00eancia \u00e0s pessoas desabrigadas e desalojadas. &nbsp; O acolhimento \u00e9 feito &hellip;<\/p>\n","protected":false},"author":2,"featured_media":23649,"comment_status":"open","ping_status":"open","sticky":false,"template":"","format":"standard","meta":{"_jetpack_memberships_contains_paid_content":false,"footnotes":""},"categories":[1,3],"tags":[],"class_list":["post-23648","post","type-post","status-publish","format-standard","has-post-thumbnail","hentry","category-destaque","category-penedo"],"jetpack_featured_media_url":"https:\/\/www.oparanews.com.br\/wp-content\/uploads\/2022\/05\/orietacaodefesa.jpeg","jetpack_sharing_enabled":true,"_links":{"self":[{"href":"https:\/\/www.oparanews.com.br\/index.php\/wp-json\/wp\/v2\/posts\/23648","targetHints":{"allow":["GET"]}}],"collection":[{"href":"https:\/\/www.oparanews.com.br\/index.php\/wp-json\/wp\/v2\/posts"}],"about":[{"href":"https:\/\/www.oparanews.com.br\/index.php\/wp-json\/wp\/v2\/types\/post"}],"author":[{"embeddable":true,"href":"https:\/\/www.oparanews.com.br\/index.php\/wp-json\/wp\/v2\/users\/2"}],"replies":[{"embeddable":true,"href":"https:\/\/www.oparanews.com.br\/index.php\/wp-json\/wp\/v2\/comments?post=23648"}],"version-history":[{"count":1,"href":"https:\/\/www.oparanews.com.br\/index.php\/wp-json\/wp\/v2\/posts\/23648\/revisions"}],"predecessor-version":[{"id":23650,"href":"https:\/\/www.oparanews.com.br\/index.php\/wp-json\/wp\/v2\/posts\/23648\/revisions\/23650"}],"wp:featuredmedia":[{"embeddable":true,"href":"https:\/\/www.oparanews.com.br\/index.php\/wp-json\/wp\/v2\/media\/23649"}],"wp:attachment":[{"href":"https:\/\/www.oparanews.com.br\/index.php\/wp-json\/wp\/v2\/media?parent=23648"}],"wp:term":[{"taxonomy":"category","embeddable":true,"href":"https:\/\/www.oparanews.com.br\/index.php\/wp-json\/wp\/v2\/categories?post=23648"},{"taxonomy":"post_tag","embeddable":true,"href":"https:\/\/www.oparanews.com.br\/index.php\/wp-json\/wp\/v2\/tags?post=23648"}],"curies":[{"name":"wp","href":"https:\/\/api.w.org\/{rel}","templated":true}]}}