{"id":23651,"date":"2022-05-30T16:15:48","date_gmt":"2022-05-30T19:15:48","guid":{"rendered":"https:\/\/www.oparanews.com.br\/?p=23651"},"modified":"2022-05-30T16:16:02","modified_gmt":"2022-05-30T19:16:02","slug":"prefeitura-de-penedo-decreta-situacao-de-emergencia","status":"publish","type":"post","link":"https:\/\/www.oparanews.com.br\/index.php\/2022\/05\/30\/prefeitura-de-penedo-decreta-situacao-de-emergencia\/","title":{"rendered":"Prefeitura de Penedo decreta situa\u00e7\u00e3o de emerg\u00eancia"},"content":{"rendered":"<p>A Prefeitura de Penedo publica nesta segunda-feira, 30, o Decreto Municipal n\u00ba 798 que declara situa\u00e7\u00e3o de emerg\u00eancia em virude das chuvas que causam transtornos na cidade e na zona rural.<\/p>\n<p>&nbsp;<\/p>\n<p>A publica\u00e7\u00e3o segue orienta\u00e7\u00e3o da Defesa Civil Nacional que enviou representantes at\u00e9 Penedo no s\u00e1bado, 28, visita para verifica\u00e7\u00e3o in loco dos danos causados \u00e0 popula\u00e7\u00e3o e tamb\u00e9m para a infraestrutura do munic\u00edpio.<\/p>\n<p>&nbsp;<\/p>\n<p>A comitiva do \u00f3rg\u00e3o federal tamb\u00e9m orientou sobre a elabora\u00e7\u00e3o de documentos, inclusive a classifica\u00e7\u00e3o como situa\u00e7\u00e3o de emerg\u00eancia \u2013 ao inv\u00e9s de calamidade p\u00fablica \u2013 e acompanhou os trabalhos de assist\u00eancia e servi\u00e7os emergenciais.<\/p>\n<p>&nbsp;<\/p>\n<p><a href=\"https:\/\/penedo.al.gov.br\/wp-content\/uploads\/2022\/05\/Alerta_MeteorologicoN05_27052022_Manutencao.pdf\"><strong>Alerta_Meteorol\u00f3gicoN05_27052022_Manuten\u00e7\u00e3o<\/strong><\/a><\/p>\n<p>&nbsp;<\/p>\n<p>Com setores da Prefeitura de Penedo mobilizados, as equipes foram novamente at\u00e9 \u00e1reas alagadas para retirar pessoas e mobili\u00e1rio, pontos que historicamente s\u00e3o inundados, mas com escoamento das \u00e1guas mais r\u00e1pido por conta das interven\u00e7\u00f5es realizadas.<\/p>\n<p>&nbsp;<\/p>\n<p>Por outro lado, mais uma escola da rede p\u00fablica municipal foi aberta para receber fam\u00edlias desabrigadas ou afetadas pelas chuvas, a unidade Manoel Soares, localizada na Vila Matias.<\/p>\n<p>&nbsp;<\/p>\n<p>A Prefeitura de Penedo e a Defesa Civil Municipal continuam atuando nas ruas, indo at\u00e9 as localidades para fazer o socorro imediato e adotar as medidas necess\u00e1rias.<\/p>\n<p>&nbsp;<\/p>\n<p><strong>Confira abaixo o decreto municipal sobre a situa\u00e7\u00e3o de emerg\u00eancia em Penedo<\/strong><\/p>\n<p><a href=\"https:\/\/penedo.al.gov.br\/wp-content\/uploads\/2022\/05\/DECRETO-MUNICIPAL-No-798-2022.05.24-EMERGENCIA.docx.pdf\">DECRETO MUNICIPAL N\u00ba 798-2022.05.24 \u2013 EMERGENCIA.docx<\/a><\/p>\n<p>&nbsp;<\/p>\n<p>&nbsp;<\/p>\n<p><strong>por Fernando Vin\u00edcius \/ Secom PMP<\/strong><\/p>\n<p>&nbsp;<\/p>\n","protected":false},"excerpt":{"rendered":"<p>A Prefeitura de Penedo publica nesta segunda-feira, 30, o Decreto Municipal n\u00ba 798 que declara situa\u00e7\u00e3o de emerg\u00eancia em virude das chuvas que causam transtornos na cidade e na zona rural. &nbsp; A publica\u00e7\u00e3o segue orienta\u00e7\u00e3o da Defesa Civil Nacional que enviou representantes at\u00e9 Penedo no s\u00e1bado, 28, visita para verifica\u00e7\u00e3o in loco dos danos &hellip;<\/p>\n","protected":false},"author":2,"featured_media":23652,"comment_status":"open","ping_status":"open","sticky":false,"template":"","format":"standard","meta":{"_jetpack_memberships_contains_paid_content":false,"footnotes":""},"categories":[1,3],"tags":[],"class_list":["post-23651","post","type-post","status-publish","format-standard","has-post-thumbnail","hentry","category-destaque","category-penedo"],"jetpack_featured_media_url":"https:\/\/www.oparanews.com.br\/wp-content\/uploads\/2022\/05\/penedo-estado-emergencia-696x391-1.jpeg","jetpack_sharing_enabled":true,"_links":{"self":[{"href":"https:\/\/www.oparanews.com.br\/index.php\/wp-json\/wp\/v2\/posts\/23651","targetHints":{"allow":["GET"]}}],"collection":[{"href":"https:\/\/www.oparanews.com.br\/index.php\/wp-json\/wp\/v2\/posts"}],"about":[{"href":"https:\/\/www.oparanews.com.br\/index.php\/wp-json\/wp\/v2\/types\/post"}],"author":[{"embeddable":true,"href":"https:\/\/www.oparanews.com.br\/index.php\/wp-json\/wp\/v2\/users\/2"}],"replies":[{"embeddable":true,"href":"https:\/\/www.oparanews.com.br\/index.php\/wp-json\/wp\/v2\/comments?post=23651"}],"version-history":[{"count":2,"href":"https:\/\/www.oparanews.com.br\/index.php\/wp-json\/wp\/v2\/posts\/23651\/revisions"}],"predecessor-version":[{"id":23654,"href":"https:\/\/www.oparanews.com.br\/index.php\/wp-json\/wp\/v2\/posts\/23651\/revisions\/23654"}],"wp:featuredmedia":[{"embeddable":true,"href":"https:\/\/www.oparanews.com.br\/index.php\/wp-json\/wp\/v2\/media\/23652"}],"wp:attachment":[{"href":"https:\/\/www.oparanews.com.br\/index.php\/wp-json\/wp\/v2\/media?parent=23651"}],"wp:term":[{"taxonomy":"category","embeddable":true,"href":"https:\/\/www.oparanews.com.br\/index.php\/wp-json\/wp\/v2\/categories?post=23651"},{"taxonomy":"post_tag","embeddable":true,"href":"https:\/\/www.oparanews.com.br\/index.php\/wp-json\/wp\/v2\/tags?post=23651"}],"curies":[{"name":"wp","href":"https:\/\/api.w.org\/{rel}","templated":true}]}}