{"id":23678,"date":"2022-06-01T20:13:31","date_gmt":"2022-06-01T23:13:31","guid":{"rendered":"https:\/\/www.oparanews.com.br\/?p=23678"},"modified":"2022-06-01T20:13:31","modified_gmt":"2022-06-01T23:13:31","slug":"vacinacao-contra-covid-19-em-penedo-tem-novos-pontos-fixos-e-inicia-3a-dose-para-adolescentes","status":"publish","type":"post","link":"https:\/\/www.oparanews.com.br\/index.php\/2022\/06\/01\/vacinacao-contra-covid-19-em-penedo-tem-novos-pontos-fixos-e-inicia-3a-dose-para-adolescentes\/","title":{"rendered":"Vacina\u00e7\u00e3o contra Covid-19 em Penedo tem novos pontos fixos e inicia 3\u00aa dose para adolescentes"},"content":{"rendered":"<p>A campanha de vacina\u00e7\u00e3o contra Covid-19 tem duas novidades em Penedo. A partir desta quinta-feira, 02 de junho, a Secretaria Municipal de Sa\u00fade (SEMS) abre mais dois pontos fixos para imunizar a popula\u00e7\u00e3o.<\/p>\n<p>&nbsp;<\/p>\n<p>A aplica\u00e7\u00e3o do imunizante para todos os p\u00fablicos autorizados pelo Minist\u00e9rio da Sa\u00fade que j\u00e1 acontece de segunda a s\u00e1bado no Theatro Sete de Setembro, Centro Hist\u00f3rico de Penedo, ganha dois novos espa\u00e7os: o Centro de Sa\u00fade 3, antigo Sesp, e o Centro de Inclus\u00e3o Digital da Pra\u00e7a Santa Luzia.<\/p>\n<p>&nbsp;<\/p>\n<p>Os mais novos pontos fixos da campanha contra Covid funcionar\u00e3o das 7 \u00e0s 11h30 e das 14h \u00e0s 17 horas, atender\u00e3o todos os p\u00fablicos, inclusive crian\u00e7as a partir dos 5 anos de idade e adolescentes, j\u00e1 autorizados a receber a 3\u00aa dose, desde que tenha recebido a 2\u00aa dose h\u00e1 pelo menos quatro meses.<\/p>\n<p>&nbsp;<\/p>\n<p>\u00c9 importante apresentar o cart\u00e3o da vacina que a Secretaria de Sa\u00fade de Penedo j\u00e1 aplicou 108.345 doses, sendo 48.283 como primeira dose, 41.139 como segunda dose e 18.923 como dose de refor\u00e7o.<\/p>\n<p>&nbsp;<\/p>\n<p>&nbsp;<\/p>\n<p>&nbsp;<\/p>\n<p><strong>Fonte: Secom PMP<\/strong><\/p>\n<p>&nbsp;<\/p>\n","protected":false},"excerpt":{"rendered":"<p>A campanha de vacina\u00e7\u00e3o contra Covid-19 tem duas novidades em Penedo. A partir desta quinta-feira, 02 de junho, a Secretaria Municipal de Sa\u00fade (SEMS) abre mais dois pontos fixos para imunizar a popula\u00e7\u00e3o. &nbsp; A aplica\u00e7\u00e3o do imunizante para todos os p\u00fablicos autorizados pelo Minist\u00e9rio da Sa\u00fade que j\u00e1 acontece de segunda a s\u00e1bado no &hellip;<\/p>\n","protected":false},"author":2,"featured_media":23679,"comment_status":"open","ping_status":"open","sticky":false,"template":"","format":"standard","meta":{"_jetpack_memberships_contains_paid_content":false,"footnotes":""},"categories":[1,3],"tags":[],"class_list":["post-23678","post","type-post","status-publish","format-standard","has-post-thumbnail","hentry","category-destaque","category-penedo"],"jetpack_featured_media_url":"https:\/\/www.oparanews.com.br\/wp-content\/uploads\/2022\/06\/vacina-contra-covid-penedo.jpg","jetpack_sharing_enabled":true,"_links":{"self":[{"href":"https:\/\/www.oparanews.com.br\/index.php\/wp-json\/wp\/v2\/posts\/23678","targetHints":{"allow":["GET"]}}],"collection":[{"href":"https:\/\/www.oparanews.com.br\/index.php\/wp-json\/wp\/v2\/posts"}],"about":[{"href":"https:\/\/www.oparanews.com.br\/index.php\/wp-json\/wp\/v2\/types\/post"}],"author":[{"embeddable":true,"href":"https:\/\/www.oparanews.com.br\/index.php\/wp-json\/wp\/v2\/users\/2"}],"replies":[{"embeddable":true,"href":"https:\/\/www.oparanews.com.br\/index.php\/wp-json\/wp\/v2\/comments?post=23678"}],"version-history":[{"count":1,"href":"https:\/\/www.oparanews.com.br\/index.php\/wp-json\/wp\/v2\/posts\/23678\/revisions"}],"predecessor-version":[{"id":23680,"href":"https:\/\/www.oparanews.com.br\/index.php\/wp-json\/wp\/v2\/posts\/23678\/revisions\/23680"}],"wp:featuredmedia":[{"embeddable":true,"href":"https:\/\/www.oparanews.com.br\/index.php\/wp-json\/wp\/v2\/media\/23679"}],"wp:attachment":[{"href":"https:\/\/www.oparanews.com.br\/index.php\/wp-json\/wp\/v2\/media?parent=23678"}],"wp:term":[{"taxonomy":"category","embeddable":true,"href":"https:\/\/www.oparanews.com.br\/index.php\/wp-json\/wp\/v2\/categories?post=23678"},{"taxonomy":"post_tag","embeddable":true,"href":"https:\/\/www.oparanews.com.br\/index.php\/wp-json\/wp\/v2\/tags?post=23678"}],"curies":[{"name":"wp","href":"https:\/\/api.w.org\/{rel}","templated":true}]}}