{"id":23687,"date":"2022-06-02T20:27:12","date_gmt":"2022-06-02T23:27:12","guid":{"rendered":"https:\/\/www.oparanews.com.br\/?p=23687"},"modified":"2022-06-02T20:27:12","modified_gmt":"2022-06-02T23:27:12","slug":"ronaldo-lopes-empossa-os-novos-gestores-de-pastas-da-prefeitura-de-penedo","status":"publish","type":"post","link":"https:\/\/www.oparanews.com.br\/index.php\/2022\/06\/02\/ronaldo-lopes-empossa-os-novos-gestores-de-pastas-da-prefeitura-de-penedo\/","title":{"rendered":"Ronaldo Lopes empossa os novos gestores de pastas da Prefeitura de Penedo"},"content":{"rendered":"<p>O Prefeito Ronaldo Lopes deu posse nesta quinta-feira, 02, aos gestores das pastas criadas por sua import\u00e2ncia para Penedo e para a gest\u00e3o do munic\u00edpio, ambos profissionais com m\u00e9rito reconhecido em suas \u00e1reas de trabalho.<\/p>\n<p>&nbsp;<\/p>\n<p>Para comandar a Secretaria Municipal de Turismo (SETUR), Ronaldo Lopes convidou Jair Galv\u00e3o Freire Neto, servidor do Minist\u00e9rio do Turismo que administrou o mesmo setor na Prefeitura de Macei\u00f3 entre 2015 e 2021.<\/p>\n<p>&nbsp;<\/p>\n<p>Alagoano e especialista na \u00e1rea, Jair Galv\u00e3o traz sua experi\u00eancia para incluir Penedo no portf\u00f3lio nacional das ag\u00eancias e operadoras de turismo, conforme destacou sobre um dos pontos do trabalho que ser\u00e1 desenvolvido de forma conjunta e com apoio incondicional do prefeito penedense.<\/p>\n<p>&nbsp;<\/p>\n<p>Ronaldo Lopes frisou que o turismo \u00e9 a resposta mais r\u00e1pida para gera\u00e7\u00e3o de emprego e renda em Penedo, cidade que tem muito mais do que seu conhecido acervo hist\u00f3rico e cultural.<\/p>\n<p>&nbsp;<\/p>\n<p>A realiza\u00e7\u00e3o de congresso e eventos em nosso Centro de Conven\u00e7\u00f5es e o potencial ainda pouco explorado do Rio S\u00e3o Francisco s\u00e3o duas vertentes para avan\u00e7ar com Jair Galv\u00e3o, alagoano com tr\u00e2nsito no trade tur\u00edstico estadual e nacional, al\u00e9m de ser tamb\u00e9m respons\u00e1vel pelo recente salto de qualidade no turismo da capital alagoana.<\/p>\n<p>&nbsp;<\/p>\n<p>E foi justamente a melhoria de um dos setores da Prefeitura de Penedo que fez o Departamento de Comunica\u00e7\u00e3o voltar \u00e0 condi\u00e7\u00e3o de Secretaria Municipal. O trabalho desenvolvido por Kim Emmanuel Guimar\u00e3es Minas Lopes foi enaltecido por Ronaldo Lopes durante o ato que efetivou o webdesigner penedense gestor da Secom.<\/p>\n<p>&nbsp;<\/p>\n<p>Kim Emmanuel agradeceu o reconhecimento, o apoio dos demais setores do governo municipal e, conforme destacou, da imprensa. Ele frisou o apoio dos meios de comunica\u00e7\u00e3o n\u00e3o s\u00f3 nas a\u00e7\u00f5es institucionais, mas tamb\u00e9m na divulga\u00e7\u00e3o de informa\u00e7\u00f5es de utilidade p\u00fablica.<\/p>\n<p>&nbsp;<\/p>\n<p><strong>Confira quem s\u00e3o os novos membros do primeiro escal\u00e3o do governo Ronaldo Lopes<\/strong><\/p>\n<p>&nbsp;<\/p>\n<p><strong>Jair Galv\u00e3o Freire Neto \u2013 Secret\u00e1rio Municipal de Turismo<\/strong><\/p>\n<figure id=\"attachment_23689\" aria-describedby=\"caption-attachment-23689\" style=\"width: 696px\" class=\"wp-caption aligncenter\"><a href=\"http:\/\/www.oparanews.com.br\/wp-content\/uploads\/2022\/06\/penedo-posse-secom-setur-foto-deywisson-duarte-1-696x464-1.jpeg\"><img loading=\"lazy\" decoding=\"async\" class=\"size-full wp-image-23689\" src=\"http:\/\/www.oparanews.com.br\/wp-content\/uploads\/2022\/06\/penedo-posse-secom-setur-foto-deywisson-duarte-1-696x464-1.jpeg\" alt=\"\" width=\"696\" height=\"464\" srcset=\"https:\/\/www.oparanews.com.br\/wp-content\/uploads\/2022\/06\/penedo-posse-secom-setur-foto-deywisson-duarte-1-696x464-1.jpeg 696w, https:\/\/www.oparanews.com.br\/wp-content\/uploads\/2022\/06\/penedo-posse-secom-setur-foto-deywisson-duarte-1-696x464-1-300x200.jpeg 300w\" sizes=\"auto, (max-width: 696px) 100vw, 696px\" \/><\/a><figcaption id=\"caption-attachment-23689\" class=\"wp-caption-text\">Foto: Deywisson Duarte<\/figcaption><\/figure>\n<p>Nascido em Macei\u00f3, Jair Galv\u00e3o \u00e9 turism\u00f3logo e Mestre em estudos tur\u00edsticos pela Universidade Internacional da Fl\u00f3rida, servidor efetivo do Minist\u00e9rio do Turismo (MTur) cedido para assumir o cargo no primeiro escal\u00e3o da Prefeitura de Penedo.<\/p>\n<p>&nbsp;<\/p>\n<p>Da mesma forma, o profissional especializado foi cedido pelo MTur para administrar a Secretaria de Turismo, Esporte e Lazer da Prefeitura de Macei\u00f3 no per\u00edodo de 2015 a 2021.<\/p>\n<p>&nbsp;<\/p>\n<p>Entre 2018 e 2021, ele presidiu a Associa\u00e7\u00e3o Nacional de Secret\u00e1rios e Dirigentes Municipais de Turismo (Anseditur).<\/p>\n<p>&nbsp;<\/p>\n<p>Em seu \u00f3rg\u00e3o de origem, Jair Galv\u00e3o atuou como Coordenador-geral de Competitividade e Inova\u00e7\u00e3o e Coordenador-geral de Qualifica\u00e7\u00e3o de Servi\u00e7os Tur\u00edsticos pelo MTur.<\/p>\n<p>&nbsp;<\/p>\n<p>O Secret\u00e1rio de Turismo da Prefeitura de Penedo tamb\u00e9m tem experi\u00eancia no Governo de Alagoas, onde foi Diretor de Destinos e Produtos da Secretaria de Estado do Turismo de Alagoas.<\/p>\n<p>&nbsp;<\/p>\n<p><strong>Kim Emmanuel Guimar\u00e3es Minas Lopes \u2013 Secret\u00e1rio Municipal de Comunica\u00e7\u00e3o<\/strong><\/p>\n<figure id=\"attachment_23690\" aria-describedby=\"caption-attachment-23690\" style=\"width: 696px\" class=\"wp-caption aligncenter\"><a href=\"http:\/\/www.oparanews.com.br\/wp-content\/uploads\/2022\/06\/penedo-posse-secom-setur-foto-deywisson-duarte-14-696x464-1.jpeg\"><img loading=\"lazy\" decoding=\"async\" class=\"size-full wp-image-23690\" src=\"http:\/\/www.oparanews.com.br\/wp-content\/uploads\/2022\/06\/penedo-posse-secom-setur-foto-deywisson-duarte-14-696x464-1.jpeg\" alt=\"\" width=\"696\" height=\"464\" srcset=\"https:\/\/www.oparanews.com.br\/wp-content\/uploads\/2022\/06\/penedo-posse-secom-setur-foto-deywisson-duarte-14-696x464-1.jpeg 696w, https:\/\/www.oparanews.com.br\/wp-content\/uploads\/2022\/06\/penedo-posse-secom-setur-foto-deywisson-duarte-14-696x464-1-300x200.jpeg 300w\" sizes=\"auto, (max-width: 696px) 100vw, 696px\" \/><\/a><figcaption id=\"caption-attachment-23690\" class=\"wp-caption-text\">Foto: Deywisson Duarte<\/figcaption><\/figure>\n<p>Kim Emmanuel Guimar\u00e3es Minas Lopes nasceu em Penedo em 17 de dezembro de 1982, estudou nas escolas Leonor Gon\u00e7alves Peixoto (Tampinha), Col\u00e9gio Imaculada Concei\u00e7\u00e3o e Col\u00e9gio Santa \u00darsula, em Macei\u00f3.<\/p>\n<p>&nbsp;<\/p>\n<p>Webdesigner, Kim Emmanuel come\u00e7ou a empreender logo cedo, sendo criador de um dos primeiros sites de Penedo, o canalpenedo.com.br<\/p>\n<p>&nbsp;<\/p>\n<p>Ele tamb\u00e9m trabalhou para emissoras de r\u00e1dio e portais eletr\u00f4nicos da cidade, realizando servi\u00e7os pioneiros como disponibilizar a programa\u00e7\u00e3o ao vivo da r\u00e1dio Penedo FM na web.<\/p>\n<p>&nbsp;<\/p>\n<p>Kim Emmanuel tamb\u00e9m foi o respons\u00e1vel por fazer a primeira transmiss\u00e3o ao vivo, em \u00e1udio e v\u00eddeo, de uma sess\u00e3o legislativa entre todas as C\u00e2maras de Vereadores dos munic\u00edpios do interior de Alagoas, servi\u00e7o realizado na C\u00e2mara Municipal de Penedo h\u00e1 mais de 10 anos, casa legislativa que mant\u00e9m o servi\u00e7o ativo.<\/p>\n<p>&nbsp;<\/p>\n<p>O Secret\u00e1rio Municipal de Comunica\u00e7\u00e3o da Prefeitura de Penedo \u00e9 ainda fundador do site Boa Informa\u00e7\u00e3o, portal de not\u00edcias que est\u00e1 os mais acessados de Alagoas.<\/p>\n<p>&nbsp;<\/p>\n<p>Na Prefeitura de Penedo, Kim Emmanuel come\u00e7ou a prestar servi\u00e7o como designer gr\u00e1fico e assumiu a miss\u00e3o de coordenar a comunica\u00e7\u00e3o institucional do munic\u00edpio atendendo convite do Prefeito Ronaldo Lopes, desde o in\u00edcio da gest\u00e3o Crescendo Com Seu Povo.<\/p>\n<p>&nbsp;<\/p>\n<p>&nbsp;<\/p>\n<p><strong>por Fernando Vin\u00edcius \u2013 Secom PMP<\/strong><\/p>\n<p>&nbsp;<\/p>\n","protected":false},"excerpt":{"rendered":"<p>O Prefeito Ronaldo Lopes deu posse nesta quinta-feira, 02, aos gestores das pastas criadas por sua import\u00e2ncia para Penedo e para a gest\u00e3o do munic\u00edpio, ambos profissionais com m\u00e9rito reconhecido em suas \u00e1reas de trabalho. &nbsp; Para comandar a Secretaria Municipal de Turismo (SETUR), Ronaldo Lopes convidou Jair Galv\u00e3o Freire Neto, servidor do Minist\u00e9rio do &hellip;<\/p>\n","protected":false},"author":2,"featured_media":23688,"comment_status":"open","ping_status":"open","sticky":false,"template":"","format":"standard","meta":{"_jetpack_memberships_contains_paid_content":false,"footnotes":""},"categories":[1,3],"tags":[],"class_list":["post-23687","post","type-post","status-publish","format-standard","has-post-thumbnail","hentry","category-destaque","category-penedo"],"jetpack_featured_media_url":"https:\/\/www.oparanews.com.br\/wp-content\/uploads\/2022\/06\/Sem-titulo.jpg","jetpack_sharing_enabled":true,"_links":{"self":[{"href":"https:\/\/www.oparanews.com.br\/index.php\/wp-json\/wp\/v2\/posts\/23687","targetHints":{"allow":["GET"]}}],"collection":[{"href":"https:\/\/www.oparanews.com.br\/index.php\/wp-json\/wp\/v2\/posts"}],"about":[{"href":"https:\/\/www.oparanews.com.br\/index.php\/wp-json\/wp\/v2\/types\/post"}],"author":[{"embeddable":true,"href":"https:\/\/www.oparanews.com.br\/index.php\/wp-json\/wp\/v2\/users\/2"}],"replies":[{"embeddable":true,"href":"https:\/\/www.oparanews.com.br\/index.php\/wp-json\/wp\/v2\/comments?post=23687"}],"version-history":[{"count":1,"href":"https:\/\/www.oparanews.com.br\/index.php\/wp-json\/wp\/v2\/posts\/23687\/revisions"}],"predecessor-version":[{"id":23691,"href":"https:\/\/www.oparanews.com.br\/index.php\/wp-json\/wp\/v2\/posts\/23687\/revisions\/23691"}],"wp:featuredmedia":[{"embeddable":true,"href":"https:\/\/www.oparanews.com.br\/index.php\/wp-json\/wp\/v2\/media\/23688"}],"wp:attachment":[{"href":"https:\/\/www.oparanews.com.br\/index.php\/wp-json\/wp\/v2\/media?parent=23687"}],"wp:term":[{"taxonomy":"category","embeddable":true,"href":"https:\/\/www.oparanews.com.br\/index.php\/wp-json\/wp\/v2\/categories?post=23687"},{"taxonomy":"post_tag","embeddable":true,"href":"https:\/\/www.oparanews.com.br\/index.php\/wp-json\/wp\/v2\/tags?post=23687"}],"curies":[{"name":"wp","href":"https:\/\/api.w.org\/{rel}","templated":true}]}}