{"id":23707,"date":"2022-06-03T16:46:27","date_gmt":"2022-06-03T19:46:27","guid":{"rendered":"https:\/\/www.oparanews.com.br\/?p=23707"},"modified":"2022-06-03T16:46:27","modified_gmt":"2022-06-03T19:46:27","slug":"ronaldo-lopes-soluciona-distorcao-salarial-entre-servidores-da-prefeitura-de-penedo","status":"publish","type":"post","link":"https:\/\/www.oparanews.com.br\/index.php\/2022\/06\/03\/ronaldo-lopes-soluciona-distorcao-salarial-entre-servidores-da-prefeitura-de-penedo\/","title":{"rendered":"Ronaldo Lopes soluciona distor\u00e7\u00e3o salarial entre servidores da Prefeitura de Penedo"},"content":{"rendered":"<p>O Prefeito Ronaldo Lopes solucionou mais um problema relacionado com o funcionalismo p\u00fablico municipal. Nesta sexta-feira, 03, ele acabou com a distor\u00e7\u00e3o salarial entre efetivos aprovados para a mesma fun\u00e7\u00e3o, equiparando pelo teto m\u00e1ximo dos vencimentos.<\/p>\n<p>&nbsp;<\/p>\n<p>A esperada isonomia entre assistentes sociais, psic\u00f3logas, dentistas, nutricionistas, m\u00e9dicos e outras categorias de n\u00edvel superior est\u00e1 no projeto de lei assinado hoje, ato acompanhado por vereadores, funcion\u00e1rios, lideran\u00e7a sindical e vereadores.<\/p>\n<p>&nbsp;<\/p>\n<p>Na pr\u00e1tica, o ato administrativo vai igualar o sal\u00e1rio-base \u2018por cima\u2019, fazendo justi\u00e7a aos que recebem atualmente R$ 2.376,00 quando j\u00e1 deveriam contar com pelo menos R$ 3.780,00 por cada m\u00eas de servi\u00e7os prestados ao povo de Penedo.<\/p>\n<p>&nbsp;<\/p>\n<p>\u201c\u00c9 exatamente isso que n\u00f3s estamos fazendo aqui hoje, corrigindo uma injusti\u00e7a com nossos servidores, e eu fico muito feliz em poder resolver essa situa\u00e7\u00e3o, sempre com base no di\u00e1logo com todos voc\u00eas\u201d, afirmou Ronaldo Lopes durante a solenidade.<\/p>\n<p>&nbsp;<\/p>\n<p>O projeto de lei segue para aprova\u00e7\u00e3o na C\u00e2mara de Vereadores, tr\u00e2mite que ser\u00e1 conclu\u00eddo em 15 dias, conforme informou Ant\u00f4nio de Figueiredo Barbosa J\u00fanior, presidente da casa legislativa quando questionados por Diego Rodrigues, cirurgi\u00e3o dentista, e Cl\u00eanea Costa, assistente social.<\/p>\n<p>&nbsp;<\/p>\n<p>Os servidores beneficiados com a decis\u00e3o representaram os demais efetivos no ato que p\u00f5e fim ao pleito de dezenas de trabalhadores e trabalhadoras, avan\u00e7o promovido no governo Ronaldo Lopes e destacado por J\u00e2nio Oliveira, presidente do Sindicato dos Servidores P\u00fablicos Municipais de Penedo (Sindspem).<\/p>\n<p>&nbsp;<\/p>\n<p>&nbsp;<\/p>\n<p>&nbsp;<\/p>\n<p><strong>por Fernando Vin\u00edcius &#8211; Secom PMP<\/strong><\/p>\n<p>&nbsp;<\/p>\n","protected":false},"excerpt":{"rendered":"<p>O Prefeito Ronaldo Lopes solucionou mais um problema relacionado com o funcionalismo p\u00fablico municipal. Nesta sexta-feira, 03, ele acabou com a distor\u00e7\u00e3o salarial entre efetivos aprovados para a mesma fun\u00e7\u00e3o, equiparando pelo teto m\u00e1ximo dos vencimentos. &nbsp; A esperada isonomia entre assistentes sociais, psic\u00f3logas, dentistas, nutricionistas, m\u00e9dicos e outras categorias de n\u00edvel superior est\u00e1 no &hellip;<\/p>\n","protected":false},"author":2,"featured_media":23708,"comment_status":"open","ping_status":"open","sticky":false,"template":"","format":"standard","meta":{"_jetpack_memberships_contains_paid_content":false,"footnotes":""},"categories":[1,3],"tags":[],"class_list":["post-23707","post","type-post","status-publish","format-standard","has-post-thumbnail","hentry","category-destaque","category-penedo"],"jetpack_featured_media_url":"https:\/\/www.oparanews.com.br\/wp-content\/uploads\/2022\/06\/ronaldo-lopes-projeto-equiparacao-salarial-foto-deywisson-duarte-8.jpeg","jetpack_sharing_enabled":true,"_links":{"self":[{"href":"https:\/\/www.oparanews.com.br\/index.php\/wp-json\/wp\/v2\/posts\/23707","targetHints":{"allow":["GET"]}}],"collection":[{"href":"https:\/\/www.oparanews.com.br\/index.php\/wp-json\/wp\/v2\/posts"}],"about":[{"href":"https:\/\/www.oparanews.com.br\/index.php\/wp-json\/wp\/v2\/types\/post"}],"author":[{"embeddable":true,"href":"https:\/\/www.oparanews.com.br\/index.php\/wp-json\/wp\/v2\/users\/2"}],"replies":[{"embeddable":true,"href":"https:\/\/www.oparanews.com.br\/index.php\/wp-json\/wp\/v2\/comments?post=23707"}],"version-history":[{"count":1,"href":"https:\/\/www.oparanews.com.br\/index.php\/wp-json\/wp\/v2\/posts\/23707\/revisions"}],"predecessor-version":[{"id":23709,"href":"https:\/\/www.oparanews.com.br\/index.php\/wp-json\/wp\/v2\/posts\/23707\/revisions\/23709"}],"wp:featuredmedia":[{"embeddable":true,"href":"https:\/\/www.oparanews.com.br\/index.php\/wp-json\/wp\/v2\/media\/23708"}],"wp:attachment":[{"href":"https:\/\/www.oparanews.com.br\/index.php\/wp-json\/wp\/v2\/media?parent=23707"}],"wp:term":[{"taxonomy":"category","embeddable":true,"href":"https:\/\/www.oparanews.com.br\/index.php\/wp-json\/wp\/v2\/categories?post=23707"},{"taxonomy":"post_tag","embeddable":true,"href":"https:\/\/www.oparanews.com.br\/index.php\/wp-json\/wp\/v2\/tags?post=23707"}],"curies":[{"name":"wp","href":"https:\/\/api.w.org\/{rel}","templated":true}]}}