{"id":23710,"date":"2022-06-03T16:47:54","date_gmt":"2022-06-03T19:47:54","guid":{"rendered":"https:\/\/www.oparanews.com.br\/?p=23710"},"modified":"2022-06-03T16:47:54","modified_gmt":"2022-06-03T19:47:54","slug":"novo-cronograma-do-concurso-da-prefeitura-de-penedo-sera-divulgado-em-ate-30-dias","status":"publish","type":"post","link":"https:\/\/www.oparanews.com.br\/index.php\/2022\/06\/03\/novo-cronograma-do-concurso-da-prefeitura-de-penedo-sera-divulgado-em-ate-30-dias\/","title":{"rendered":"Novo cronograma do Concurso da Prefeitura de Penedo ser\u00e1 divulgado em at\u00e9 30 dias"},"content":{"rendered":"<p>Quem se inscreveu para o concurso lan\u00e7ado em 2021 pela Prefeitura de Penedo deve se preparar para a reta final do certame suspenso por conta da pandemia de Covid-19.<\/p>\n<p>&nbsp;<\/p>\n<p>A retomada das atividades acontece nesta sexta-feira, 03, \u00faltimo dia \u00fatil da semana em que o Prefeito Ronaldo Lopes e o Secret\u00e1rio Municipal de Planejamento e Gest\u00e3o (Seplag), Luciano Lucena, conversaram com representantes dos setores da Universidade Federal de Alagoas (Ufal) respons\u00e1veis pela realiza\u00e7\u00e3o do concurso.<\/p>\n<p>&nbsp;<\/p>\n<p>Por meio de nota t\u00e9cnica divulgada agora h\u00e1 pouco, a Funda\u00e7\u00e3o Universit\u00e1ria de Desenvolvimento de Extens\u00e3o e Pesquisa (Fundepes) e o N\u00facleo Executivo de Processos Seletivos da Ufal informam a revoga\u00e7\u00e3o da suspens\u00e3o do concurso.<\/p>\n<p>&nbsp;<\/p>\n<p>No mesmo comunicado, as institui\u00e7\u00f5es informam que o novo cronograma de realiza\u00e7\u00e3o das provas objetivas para todos os cargos ser\u00e1 anunciado em at\u00e9 30 dias.<\/p>\n<p>&nbsp;<\/p>\n<p><a href=\"https:\/\/penedo.al.gov.br\/wp-content\/uploads\/2022\/06\/NOTA-TECNICA-Retomada-Concurso-Penedo.pdf\"><strong>NOTA-TECNICA-Retomada-Concurso-Penedo<\/strong><\/a><\/p>\n<p>&nbsp;<\/p>\n<p>&nbsp;<\/p>\n<p>&nbsp;<\/p>\n<p><strong>Fonte: Secom PMP<\/strong><\/p>\n","protected":false},"excerpt":{"rendered":"<p>Quem se inscreveu para o concurso lan\u00e7ado em 2021 pela Prefeitura de Penedo deve se preparar para a reta final do certame suspenso por conta da pandemia de Covid-19. &nbsp; A retomada das atividades acontece nesta sexta-feira, 03, \u00faltimo dia \u00fatil da semana em que o Prefeito Ronaldo Lopes e o Secret\u00e1rio Municipal de Planejamento &hellip;<\/p>\n","protected":false},"author":2,"featured_media":23711,"comment_status":"open","ping_status":"open","sticky":false,"template":"","format":"standard","meta":{"_jetpack_memberships_contains_paid_content":false,"footnotes":""},"categories":[1,3],"tags":[],"class_list":["post-23710","post","type-post","status-publish","format-standard","has-post-thumbnail","hentry","category-destaque","category-penedo"],"jetpack_featured_media_url":"https:\/\/www.oparanews.com.br\/wp-content\/uploads\/2022\/06\/Sem-titulo-1.jpg","jetpack_sharing_enabled":true,"_links":{"self":[{"href":"https:\/\/www.oparanews.com.br\/index.php\/wp-json\/wp\/v2\/posts\/23710","targetHints":{"allow":["GET"]}}],"collection":[{"href":"https:\/\/www.oparanews.com.br\/index.php\/wp-json\/wp\/v2\/posts"}],"about":[{"href":"https:\/\/www.oparanews.com.br\/index.php\/wp-json\/wp\/v2\/types\/post"}],"author":[{"embeddable":true,"href":"https:\/\/www.oparanews.com.br\/index.php\/wp-json\/wp\/v2\/users\/2"}],"replies":[{"embeddable":true,"href":"https:\/\/www.oparanews.com.br\/index.php\/wp-json\/wp\/v2\/comments?post=23710"}],"version-history":[{"count":1,"href":"https:\/\/www.oparanews.com.br\/index.php\/wp-json\/wp\/v2\/posts\/23710\/revisions"}],"predecessor-version":[{"id":23712,"href":"https:\/\/www.oparanews.com.br\/index.php\/wp-json\/wp\/v2\/posts\/23710\/revisions\/23712"}],"wp:featuredmedia":[{"embeddable":true,"href":"https:\/\/www.oparanews.com.br\/index.php\/wp-json\/wp\/v2\/media\/23711"}],"wp:attachment":[{"href":"https:\/\/www.oparanews.com.br\/index.php\/wp-json\/wp\/v2\/media?parent=23710"}],"wp:term":[{"taxonomy":"category","embeddable":true,"href":"https:\/\/www.oparanews.com.br\/index.php\/wp-json\/wp\/v2\/categories?post=23710"},{"taxonomy":"post_tag","embeddable":true,"href":"https:\/\/www.oparanews.com.br\/index.php\/wp-json\/wp\/v2\/tags?post=23710"}],"curies":[{"name":"wp","href":"https:\/\/api.w.org\/{rel}","templated":true}]}}