{"id":23719,"date":"2022-06-04T19:18:41","date_gmt":"2022-06-04T22:18:41","guid":{"rendered":"https:\/\/www.oparanews.com.br\/?p=23719"},"modified":"2022-06-04T19:18:41","modified_gmt":"2022-06-04T22:18:41","slug":"prefeitura-de-penedo-atualiza-informacoes-sobre-populacao-afetada-pelas-chuvas","status":"publish","type":"post","link":"https:\/\/www.oparanews.com.br\/index.php\/2022\/06\/04\/prefeitura-de-penedo-atualiza-informacoes-sobre-populacao-afetada-pelas-chuvas\/","title":{"rendered":"Prefeitura de Penedo atualiza informa\u00e7\u00f5es sobre popula\u00e7\u00e3o afetada pelas chuvas"},"content":{"rendered":"<p>A Prefeitura de Penedo e a Defesa Civil Municipal atualizaram os dados referentes aos problemas causados pelas chuvas para a popula\u00e7\u00e3o do munic\u00edpio que est\u00e1 entre os tr\u00eas mais prejudicados pelo desastre natural em Alagoas.<\/p>\n<p>&nbsp;<\/p>\n<p>Com orienta\u00e7\u00e3o da Defesa Civil Estadual, a Secretaria Municipal de Desenvolvimento Social e Habita\u00e7\u00e3o fechou o balan\u00e7o deste s\u00e1bado, 04, registrando 277 fam\u00edlias desabrigadas.<\/p>\n<p>&nbsp;<\/p>\n<p>Considerando a m\u00e9dia de 4 pessoas por n\u00facleo familiar, Penedo tem hoje aproximadamente 1.108 pessoas desabrigadas.<\/p>\n<p>&nbsp;<\/p>\n<p>Desse total de 277 fam\u00edlias desabrigadas, a Prefeitura de Penedo j\u00e1 conseguiu moradia para 150 n\u00facleos familiares por meio do sistema de aluguel social. Ou seja, cerca de 750 pessoas j\u00e1 se encontram morando em uma casa.<\/p>\n<p>&nbsp;<\/p>\n<p>As demais 127 fam\u00edlias desabrigadas est\u00e3o acolhidas nas seis unidades da rede p\u00fablica municipal de ensino, escolas e creches destinadas para funcionar como abrigo, recebendo assist\u00eancia integral do governo Ronaldo Lopes.<\/p>\n<p>&nbsp;<\/p>\n<p>Na condi\u00e7\u00e3o de desalojados, pessoas que precisaram sair de casa que n\u00e3o foi destru\u00edda pelas chuvas, foram identificadas 1.718 fam\u00edlias, sendo que 83 retornaram para o im\u00f3vel onde residem.<\/p>\n<p>&nbsp;<\/p>\n<p>Vale frisar que esses dados ainda n\u00e3o contabilizam as fam\u00edlias das comunidades Marizeiro e Catrap\u00f3, pessoas removidas de casa devido ao risco de inunda\u00e7\u00e3o.<\/p>\n<p>&nbsp;<\/p>\n<p>O desastre natural derrubou oito casas e danificou mais 116 nas \u00e1reas fortemente atingidas pelo temporal que afetou a estimativa de 42.550 habitantes da cidade e da zona rural, pessoas diretamente atingidas por problemas como alagamentos, danos nas via p\u00fablica, abastecimento de \u00e1gua, isolamento, problemas no im\u00f3vel e outros tipos de transtornos.<\/p>\n<p>&nbsp;<\/p>\n<p>&nbsp;<\/p>\n<p><strong>Fonte: Secom PMP<\/strong><\/p>\n<p>&nbsp;<\/p>\n","protected":false},"excerpt":{"rendered":"<p>A Prefeitura de Penedo e a Defesa Civil Municipal atualizaram os dados referentes aos problemas causados pelas chuvas para a popula\u00e7\u00e3o do munic\u00edpio que est\u00e1 entre os tr\u00eas mais prejudicados pelo desastre natural em Alagoas. &nbsp; Com orienta\u00e7\u00e3o da Defesa Civil Estadual, a Secretaria Municipal de Desenvolvimento Social e Habita\u00e7\u00e3o fechou o balan\u00e7o deste s\u00e1bado, &hellip;<\/p>\n","protected":false},"author":2,"featured_media":23720,"comment_status":"open","ping_status":"open","sticky":false,"template":"","format":"standard","meta":{"_jetpack_memberships_contains_paid_content":false,"footnotes":""},"categories":[1,3],"tags":[],"class_list":["post-23719","post","type-post","status-publish","format-standard","has-post-thumbnail","hentry","category-destaque","category-penedo"],"jetpack_featured_media_url":"https:\/\/www.oparanews.com.br\/wp-content\/uploads\/2022\/06\/defesa-civil-penedo.jpeg","jetpack_sharing_enabled":true,"_links":{"self":[{"href":"https:\/\/www.oparanews.com.br\/index.php\/wp-json\/wp\/v2\/posts\/23719","targetHints":{"allow":["GET"]}}],"collection":[{"href":"https:\/\/www.oparanews.com.br\/index.php\/wp-json\/wp\/v2\/posts"}],"about":[{"href":"https:\/\/www.oparanews.com.br\/index.php\/wp-json\/wp\/v2\/types\/post"}],"author":[{"embeddable":true,"href":"https:\/\/www.oparanews.com.br\/index.php\/wp-json\/wp\/v2\/users\/2"}],"replies":[{"embeddable":true,"href":"https:\/\/www.oparanews.com.br\/index.php\/wp-json\/wp\/v2\/comments?post=23719"}],"version-history":[{"count":1,"href":"https:\/\/www.oparanews.com.br\/index.php\/wp-json\/wp\/v2\/posts\/23719\/revisions"}],"predecessor-version":[{"id":23721,"href":"https:\/\/www.oparanews.com.br\/index.php\/wp-json\/wp\/v2\/posts\/23719\/revisions\/23721"}],"wp:featuredmedia":[{"embeddable":true,"href":"https:\/\/www.oparanews.com.br\/index.php\/wp-json\/wp\/v2\/media\/23720"}],"wp:attachment":[{"href":"https:\/\/www.oparanews.com.br\/index.php\/wp-json\/wp\/v2\/media?parent=23719"}],"wp:term":[{"taxonomy":"category","embeddable":true,"href":"https:\/\/www.oparanews.com.br\/index.php\/wp-json\/wp\/v2\/categories?post=23719"},{"taxonomy":"post_tag","embeddable":true,"href":"https:\/\/www.oparanews.com.br\/index.php\/wp-json\/wp\/v2\/tags?post=23719"}],"curies":[{"name":"wp","href":"https:\/\/api.w.org\/{rel}","templated":true}]}}