{"id":23724,"date":"2022-06-04T21:26:53","date_gmt":"2022-06-05T00:26:53","guid":{"rendered":"https:\/\/www.oparanews.com.br\/?p=23724"},"modified":"2022-06-04T21:26:53","modified_gmt":"2022-06-05T00:26:53","slug":"vereador-rodrigo-regueira-sugere-local-para-construcao-de-novas-casas-para-familias-desabrigadas-do-barro-vermelho","status":"publish","type":"post","link":"https:\/\/www.oparanews.com.br\/index.php\/2022\/06\/04\/vereador-rodrigo-regueira-sugere-local-para-construcao-de-novas-casas-para-familias-desabrigadas-do-barro-vermelho\/","title":{"rendered":"Vereador Rodrigo Regueira sugere local para constru\u00e7\u00e3o de novas casas para fam\u00edlias desabrigadas do Barro Vermelho"},"content":{"rendered":"<p>O Vereador Rodrigo Regueira fez indica\u00e7\u00e3o ao poder p\u00fablico municipal que visa manter as fam\u00edlias desabrigadas pelas chuvas na mesma comunidade onde residem, especificamente o bairro Santo Ant\u00f4nio.<\/p>\n<p>&nbsp;<\/p>\n<p>A manuten\u00e7\u00e3o das rela\u00e7\u00f5es sociais constru\u00eddas ao longo de anos \u00e9 parte do processo de recome\u00e7o para os que perderam tudo no desastre que atingiu com maior gravidade o tradicional Barro Vermelho.<\/p>\n<p>&nbsp;<\/p>\n<p>Os desabrigados desse bairro podem ter nova moradia no terreno onde funcionou a Escola Douglas Apratto Ten\u00f3rio, mediante laudo de engenharia civil, conforme destaca o parlamentar que tamb\u00e9m segure a constru\u00e7\u00e3o de um mirante na \u00e1rea onde havia casas na Rua do Meio, com vista para o Rio S\u00e3o Francisco.<\/p>\n<p>&nbsp;<\/p>\n<p>Sobre os shows dos festejos juninos em Penedo, Rodrigo Regueira \u00e9 a favor da manuten\u00e7\u00e3o a fim de evitar preju\u00edzo para quem trabalha com eventos festivos, citando ainda setores relacionados (com\u00e9rcio, bares, restaurantes, transporte de passageiros e meios de hospedagem).<\/p>\n<p>&nbsp;<\/p>\n<p>Os pleitos do parlamentar foram apresentados durante a sess\u00e3o de quinta-feira, 02 de junho.<\/p>\n<p>&nbsp;<\/p>\n<p>&nbsp;<\/p>\n<p>&nbsp;<\/p>\n<p>&nbsp;<\/p>\n<p><strong>Fonte: Ascom CMP<\/strong><\/p>\n<p>&nbsp;<\/p>\n","protected":false},"excerpt":{"rendered":"<p>O Vereador Rodrigo Regueira fez indica\u00e7\u00e3o ao poder p\u00fablico municipal que visa manter as fam\u00edlias desabrigadas pelas chuvas na mesma comunidade onde residem, especificamente o bairro Santo Ant\u00f4nio. &nbsp; A manuten\u00e7\u00e3o das rela\u00e7\u00f5es sociais constru\u00eddas ao longo de anos \u00e9 parte do processo de recome\u00e7o para os que perderam tudo no desastre que atingiu com &hellip;<\/p>\n","protected":false},"author":2,"featured_media":23725,"comment_status":"open","ping_status":"open","sticky":false,"template":"","format":"standard","meta":{"_jetpack_memberships_contains_paid_content":false,"footnotes":""},"categories":[1,3],"tags":[],"class_list":["post-23724","post","type-post","status-publish","format-standard","has-post-thumbnail","hentry","category-destaque","category-penedo"],"jetpack_featured_media_url":"https:\/\/www.oparanews.com.br\/wp-content\/uploads\/2022\/06\/Sem-titulo-2.jpg","jetpack_sharing_enabled":true,"_links":{"self":[{"href":"https:\/\/www.oparanews.com.br\/index.php\/wp-json\/wp\/v2\/posts\/23724","targetHints":{"allow":["GET"]}}],"collection":[{"href":"https:\/\/www.oparanews.com.br\/index.php\/wp-json\/wp\/v2\/posts"}],"about":[{"href":"https:\/\/www.oparanews.com.br\/index.php\/wp-json\/wp\/v2\/types\/post"}],"author":[{"embeddable":true,"href":"https:\/\/www.oparanews.com.br\/index.php\/wp-json\/wp\/v2\/users\/2"}],"replies":[{"embeddable":true,"href":"https:\/\/www.oparanews.com.br\/index.php\/wp-json\/wp\/v2\/comments?post=23724"}],"version-history":[{"count":1,"href":"https:\/\/www.oparanews.com.br\/index.php\/wp-json\/wp\/v2\/posts\/23724\/revisions"}],"predecessor-version":[{"id":23726,"href":"https:\/\/www.oparanews.com.br\/index.php\/wp-json\/wp\/v2\/posts\/23724\/revisions\/23726"}],"wp:featuredmedia":[{"embeddable":true,"href":"https:\/\/www.oparanews.com.br\/index.php\/wp-json\/wp\/v2\/media\/23725"}],"wp:attachment":[{"href":"https:\/\/www.oparanews.com.br\/index.php\/wp-json\/wp\/v2\/media?parent=23724"}],"wp:term":[{"taxonomy":"category","embeddable":true,"href":"https:\/\/www.oparanews.com.br\/index.php\/wp-json\/wp\/v2\/categories?post=23724"},{"taxonomy":"post_tag","embeddable":true,"href":"https:\/\/www.oparanews.com.br\/index.php\/wp-json\/wp\/v2\/tags?post=23724"}],"curies":[{"name":"wp","href":"https:\/\/api.w.org\/{rel}","templated":true}]}}