{"id":23742,"date":"2022-06-06T22:09:09","date_gmt":"2022-06-07T01:09:09","guid":{"rendered":"https:\/\/www.oparanews.com.br\/?p=23742"},"modified":"2022-06-06T22:09:09","modified_gmt":"2022-06-07T01:09:09","slug":"arapiraca-tem-aumento-de-casos-de-covid-19-e-recomenda-vacinacao","status":"publish","type":"post","link":"https:\/\/www.oparanews.com.br\/index.php\/2022\/06\/06\/arapiraca-tem-aumento-de-casos-de-covid-19-e-recomenda-vacinacao\/","title":{"rendered":"Arapiraca tem aumento de casos de Covid-19 e recomenda vacina\u00e7\u00e3o"},"content":{"rendered":"<p>O n\u00famero de casos de Covid-19 voltou a crescer em Arapiraca, segundo dados da coordena\u00e7\u00e3o de Monitoramento, An\u00e1lise e Informa\u00e7\u00e3o em Sa\u00fade. Segundo o \u00f3rg\u00e3o, o n\u00famero de casos saltou de 3 para 18 em apenas 15 dias. O \u00f3rg\u00e3o tranquiliza a popula\u00e7\u00e3o, mas alerta para a necessidade de imunizar a popula\u00e7\u00e3o que ainda n\u00e3o completou o ciclo vacinal.<\/p>\n<p>&nbsp;<\/p>\n<p>\u201cEstamos muito distantes da realidade vivenciada atualmente por cidades como S\u00e3o Paulo, Belo Horizonte e Curitiba, que voltaram \u00e0 obrigatoriedade do uso de m\u00e1scaras. Por aqui, seguimos vigilantes e intensificamos nosso apelo para que, aqueles que ainda n\u00e3o tomaram a primeira dose da vacina contra a Covid-19 ou que est\u00e3o com esquema de vacina\u00e7\u00e3o em atraso, o fa\u00e7am quanto antes\u201d, disse a coordenadora de Epidemiologia de Arapiraca, Sal\u00e9sia Moreira.<\/p>\n<p>&nbsp;<\/p>\n<p>Arapiraca come\u00e7ou nesta segunda-feira (6) a aplica\u00e7\u00e3o da 4\u00aa dose da vacina, ou 2\u00aa dose de refor\u00e7o para os trabalhadores da sa\u00fade que atuam no servi\u00e7o p\u00fablico e privado e a popula\u00e7\u00e3o em geral com 50 anos ou mais.<\/p>\n<p>&nbsp;<\/p>\n<p>Para receber a dose do imunizante, o usu\u00e1rio precisa ter tomado a 3\u00aa dose (1\u00ba refor\u00e7o) h\u00e1 pelo menos quatro meses (120 dias).<\/p>\n<p>&nbsp;<\/p>\n<p>O posto de vacina\u00e7\u00e3o contra a Covid-19 de Arapiraca funciona no Gin\u00e1sio Jo\u00e3o Paulo II, de segunda a sexta-feira, das 9h \u00e0s 16h.<\/p>\n<p>&nbsp;<\/p>\n<p>&nbsp;<\/p>\n<p>&nbsp;<\/p>\n<p><strong>com assessoria<\/strong><\/p>\n<p>&nbsp;<\/p>\n","protected":false},"excerpt":{"rendered":"<p>O n\u00famero de casos de Covid-19 voltou a crescer em Arapiraca, segundo dados da coordena\u00e7\u00e3o de Monitoramento, An\u00e1lise e Informa\u00e7\u00e3o em Sa\u00fade. Segundo o \u00f3rg\u00e3o, o n\u00famero de casos saltou de 3 para 18 em apenas 15 dias. O \u00f3rg\u00e3o tranquiliza a popula\u00e7\u00e3o, mas alerta para a necessidade de imunizar a popula\u00e7\u00e3o que ainda n\u00e3o &hellip;<\/p>\n","protected":false},"author":2,"featured_media":23743,"comment_status":"open","ping_status":"open","sticky":false,"template":"","format":"standard","meta":{"_jetpack_memberships_contains_paid_content":false,"footnotes":""},"categories":[4],"tags":[],"class_list":["post-23742","post","type-post","status-publish","format-standard","has-post-thumbnail","hentry","category-alagoas"],"jetpack_featured_media_url":"https:\/\/www.oparanews.com.br\/wp-content\/uploads\/2022\/06\/WhatsAppImage20210405at09.53.011-1024x682-1.jpeg","jetpack_sharing_enabled":true,"_links":{"self":[{"href":"https:\/\/www.oparanews.com.br\/index.php\/wp-json\/wp\/v2\/posts\/23742","targetHints":{"allow":["GET"]}}],"collection":[{"href":"https:\/\/www.oparanews.com.br\/index.php\/wp-json\/wp\/v2\/posts"}],"about":[{"href":"https:\/\/www.oparanews.com.br\/index.php\/wp-json\/wp\/v2\/types\/post"}],"author":[{"embeddable":true,"href":"https:\/\/www.oparanews.com.br\/index.php\/wp-json\/wp\/v2\/users\/2"}],"replies":[{"embeddable":true,"href":"https:\/\/www.oparanews.com.br\/index.php\/wp-json\/wp\/v2\/comments?post=23742"}],"version-history":[{"count":1,"href":"https:\/\/www.oparanews.com.br\/index.php\/wp-json\/wp\/v2\/posts\/23742\/revisions"}],"predecessor-version":[{"id":23744,"href":"https:\/\/www.oparanews.com.br\/index.php\/wp-json\/wp\/v2\/posts\/23742\/revisions\/23744"}],"wp:featuredmedia":[{"embeddable":true,"href":"https:\/\/www.oparanews.com.br\/index.php\/wp-json\/wp\/v2\/media\/23743"}],"wp:attachment":[{"href":"https:\/\/www.oparanews.com.br\/index.php\/wp-json\/wp\/v2\/media?parent=23742"}],"wp:term":[{"taxonomy":"category","embeddable":true,"href":"https:\/\/www.oparanews.com.br\/index.php\/wp-json\/wp\/v2\/categories?post=23742"},{"taxonomy":"post_tag","embeddable":true,"href":"https:\/\/www.oparanews.com.br\/index.php\/wp-json\/wp\/v2\/tags?post=23742"}],"curies":[{"name":"wp","href":"https:\/\/api.w.org\/{rel}","templated":true}]}}