{"id":23748,"date":"2022-06-07T08:42:16","date_gmt":"2022-06-07T11:42:16","guid":{"rendered":"https:\/\/www.oparanews.com.br\/?p=23748"},"modified":"2022-06-07T08:42:16","modified_gmt":"2022-06-07T11:42:16","slug":"policia-civil-de-alagoas-prende-suspeitos-do-furto-ao-apartamento-de-carlinhos-maia","status":"publish","type":"post","link":"https:\/\/www.oparanews.com.br\/index.php\/2022\/06\/07\/policia-civil-de-alagoas-prende-suspeitos-do-furto-ao-apartamento-de-carlinhos-maia\/","title":{"rendered":"Pol\u00edcia Civil de Alagoas prende suspeitos do furto ao apartamento de Carlinhos Maia"},"content":{"rendered":"<p>A Pol\u00edcia Civil de Alagoas prendeu pessoas suspeitas de participar do furto ao apartamento dos influenciadores Carlinhos Maia e Lucas Guimar\u00e3es, na madrugada do dia 29 de maio. A informa\u00e7\u00e3o foi confirmada pela assessoria de comunica\u00e7\u00e3o da Pol\u00edcia Civil nesta ter\u00e7a-feira (7).<\/p>\n<p>&nbsp;<\/p>\n<p>Ainda n\u00e3o h\u00e1 detalhes sobre as pris\u00f5es e sobre quem s\u00e3o os suspeitos. De acordo com a assessoria de comunica\u00e7\u00e3o da Pol\u00edcia Civil, os detalhes sobre a opera\u00e7\u00e3o ser\u00e3o divulgados ao longo do dia, em coletiva de imprensa.<\/p>\n<p>&nbsp;<\/p>\n<p>Na segunda-feira (6), os delegados Lucim\u00e9rio Campos, diretor de Pol\u00edcia Judici\u00e1ria da Regi\u00e3o Metropolitana, Robervaldo Davino, titular do 6\u00ba Distritito Pol\u00edcial, e Gustavo Xavier, delegado-geral da Pol\u00edcia Civil de Alagoas, concederam uma entrevista coletiva onde comentaram o caso.<\/p>\n<p>&nbsp;<\/p>\n<p>Segundo os delegados, a pol\u00edcia j\u00e1 tinha suspeitos do crime, mas ainda n\u00e3o havia pedido nenhum mandado de pris\u00e3o e n\u00e3o podia apontar quem seriam esses suspeitos a pedido do setor de intelig\u00eancia da pr\u00f3pria Pol\u00edcia Civil.<\/p>\n<p>&nbsp;<\/p>\n<p>&nbsp;<\/p>\n<p><strong>Fonte: G1\/AL<\/strong><\/p>\n<p>&nbsp;<\/p>\n","protected":false},"excerpt":{"rendered":"<p>A Pol\u00edcia Civil de Alagoas prendeu pessoas suspeitas de participar do furto ao apartamento dos influenciadores Carlinhos Maia e Lucas Guimar\u00e3es, na madrugada do dia 29 de maio. A informa\u00e7\u00e3o foi confirmada pela assessoria de comunica\u00e7\u00e3o da Pol\u00edcia Civil nesta ter\u00e7a-feira (7). &nbsp; Ainda n\u00e3o h\u00e1 detalhes sobre as pris\u00f5es e sobre quem s\u00e3o os &hellip;<\/p>\n","protected":false},"author":2,"featured_media":23749,"comment_status":"open","ping_status":"open","sticky":false,"template":"","format":"standard","meta":{"_jetpack_memberships_contains_paid_content":false,"footnotes":""},"categories":[1,7,3],"tags":[],"class_list":["post-23748","post","type-post","status-publish","format-standard","has-post-thumbnail","hentry","category-destaque","category-entretenimento","category-penedo"],"jetpack_featured_media_url":"https:\/\/www.oparanews.com.br\/wp-content\/uploads\/2022\/06\/csm_suspeitos-furto_7464bc874b.png","jetpack_sharing_enabled":true,"_links":{"self":[{"href":"https:\/\/www.oparanews.com.br\/index.php\/wp-json\/wp\/v2\/posts\/23748","targetHints":{"allow":["GET"]}}],"collection":[{"href":"https:\/\/www.oparanews.com.br\/index.php\/wp-json\/wp\/v2\/posts"}],"about":[{"href":"https:\/\/www.oparanews.com.br\/index.php\/wp-json\/wp\/v2\/types\/post"}],"author":[{"embeddable":true,"href":"https:\/\/www.oparanews.com.br\/index.php\/wp-json\/wp\/v2\/users\/2"}],"replies":[{"embeddable":true,"href":"https:\/\/www.oparanews.com.br\/index.php\/wp-json\/wp\/v2\/comments?post=23748"}],"version-history":[{"count":1,"href":"https:\/\/www.oparanews.com.br\/index.php\/wp-json\/wp\/v2\/posts\/23748\/revisions"}],"predecessor-version":[{"id":23750,"href":"https:\/\/www.oparanews.com.br\/index.php\/wp-json\/wp\/v2\/posts\/23748\/revisions\/23750"}],"wp:featuredmedia":[{"embeddable":true,"href":"https:\/\/www.oparanews.com.br\/index.php\/wp-json\/wp\/v2\/media\/23749"}],"wp:attachment":[{"href":"https:\/\/www.oparanews.com.br\/index.php\/wp-json\/wp\/v2\/media?parent=23748"}],"wp:term":[{"taxonomy":"category","embeddable":true,"href":"https:\/\/www.oparanews.com.br\/index.php\/wp-json\/wp\/v2\/categories?post=23748"},{"taxonomy":"post_tag","embeddable":true,"href":"https:\/\/www.oparanews.com.br\/index.php\/wp-json\/wp\/v2\/tags?post=23748"}],"curies":[{"name":"wp","href":"https:\/\/api.w.org\/{rel}","templated":true}]}}