{"id":23751,"date":"2022-06-07T14:09:38","date_gmt":"2022-06-07T17:09:38","guid":{"rendered":"https:\/\/www.oparanews.com.br\/?p=23751"},"modified":"2022-06-07T14:09:38","modified_gmt":"2022-06-07T17:09:38","slug":"policia-apreende-ferramentas-usadas-na-invasao-ao-apartamento-de-carlinhos-maia-mas-ainda-procura-joias-furtadas","status":"publish","type":"post","link":"https:\/\/www.oparanews.com.br\/index.php\/2022\/06\/07\/policia-apreende-ferramentas-usadas-na-invasao-ao-apartamento-de-carlinhos-maia-mas-ainda-procura-joias-furtadas\/","title":{"rendered":"Pol\u00edcia apreende ferramentas usadas na invas\u00e3o ao apartamento de Carlinhos Maia, mas ainda procura joias furtadas"},"content":{"rendered":"<p>Com os tr\u00eas homens presos em Campina Grande (PB) suspeitos do furto ao apartamento de Carlinhos Maia e Lucas Guimar\u00e3es, em um luxuoso pr\u00e9dio em Macei\u00f3, a pol\u00edcia apreendeu equipamentos utilizados no crime: ferramentas, celulares, luvas, lanterna e uma escada retr\u00e1til. As joias e o rel\u00f3gio, avaliados em cerca de R$ 5 milh\u00f5es, ainda n\u00e3o foram recuperados, segundo informou a Pol\u00edcia Civil nesta ter\u00e7a-feira (7).<\/p>\n<p>&nbsp;<\/p>\n<p>As pris\u00f5es aconteceram na noite de segunda (6), em cumprimento a mandados expedidos pela 17\u00aa Vara Criminal da Capital, e o trio foi transferido para a capital alagoana nesta ter\u00e7a (7). Os suspeitos foram identificados como Emerson de Holanda Lira, Wellington Medeiros da Silva Moraes e um terceiro homem que n\u00e3o teve o nome divulgado.<\/p>\n<p>&nbsp;<\/p>\n<p>O inqu\u00e9rito ainda n\u00e3o foi conclu\u00eddo e os delegados que investigam o caso dizem que os tr\u00eas presos negam participa\u00e7\u00e3o no crime. Ao g1, os advogados que representam os acusados disseram que n\u00e3o tiveram acessos aos autos nem a provas da investiga\u00e7\u00e3o.<\/p>\n<p>&nbsp;<\/p>\n<p>&#8220;Surpresa para a fam\u00edlia e para a cidade, tendo em vista que ele \u00e9 empres\u00e1rio e dono de uma reputa\u00e7\u00e3o ilibada&#8221;, disse Evanildo Nogueira, respons\u00e1vel pela defesa de Wellington.<\/p>\n<p>&nbsp;<\/p>\n<p>&#8220;N\u00e3o tivemos nem acesso aos acusados&#8221;, afirmou Thiago Ara\u00fajo da Silva, que representa Emerson e o terceiro preso.<\/p>\n<p>&nbsp;<\/p>\n<p>A Pol\u00edcia Civil da Para\u00edba informou que os tr\u00eas presos t\u00eam passagem pela pol\u00edcia por crimes patrimoniais, dois deles por roubos a bancos. Todos s\u00e3o paraibanos e estariam diretamente envolvidos com o furto em Macei\u00f3.<\/p>\n<p>&nbsp;<\/p>\n<p>De acordo com as investiga\u00e7\u00f5es, os homens presos s\u00e3o respons\u00e1veis pela execu\u00e7\u00e3o do crime. Dois deles seriam os que aparecem nas imagens de c\u00e2meras de seguran\u00e7a na garagem do pr\u00e9dio (assista ao final do texto) e o terceiro seria o respons\u00e1vel por dirigir o carro utilizado no crime. A Pol\u00edcia Civil ainda investiga se o crime tinha mandante.<\/p>\n<p>&nbsp;<\/p>\n<p>Al\u00e9m dos equipamentos, tamb\u00e9m foi apreendido um carro que, segundo a Pol\u00edcia Civil, foi utilizado para dar apoio aos criminosos. C\u00e2meras de seguran\u00e7a da parte externa do pr\u00e9dio dos influenciadores filmaram o ve\u00edculo passando em frente ao im\u00f3vel na madrugada do furto.<\/p>\n<p>&nbsp;<\/p>\n<p>&#8220;Ele [o carro] s\u00f3 para por alguns minutos, 2 a 3 minutos, mas se mant\u00e9m em movimento para dificultar o trabalho da pol\u00edcia&#8221;, disseram os investigadores.<\/p>\n<p>&nbsp;<\/p>\n<p>Foi nesse carro, apreendido em uma oficina mec\u00e2nica em Campina Grande (PB), que a pol\u00edcia encontrou o par de luvas e a lanterna utilizadas pelos criminosos que invadiram o apartamento de Carlinhos Maia.<\/p>\n<p>&nbsp;<\/p>\n<p>Ainda segundo a Pol\u00edcia Civil, n\u00e3o \u00e9 poss\u00edvel afirmar se o arrombamento da porta foi simulado ou se os criminosos utilizaram a senha de acesso. Essa suspeita tinha sido levanta pelo marido de Carlinhos Maia, Lucas Guimar\u00e3es.<\/p>\n<p>&nbsp;<\/p>\n<p>&#8220;A fechadura apresentava sinais de viola\u00e7\u00e3o compat\u00edveis com o material apreendido com um dos presos. Mas quem vai dizer o que houve com esse primeiro obst\u00e1culo \u00e9 a per\u00edcia. N\u00f3s n\u00e3o podemos ainda descartar que eles tenham tido informa\u00e7\u00f5es que facilitaram a a\u00e7\u00e3o. Acreditamos que se trata de um crime guiado, mas a investiga\u00e7\u00e3o vai aprofundar isso&#8221;, disse Thales Ara\u00fajo.<\/p>\n<p>Criminosos tinham alvo espec\u00edfico<\/p>\n<p>O apartamento estava vazio no momento do furto. Carlinhos Maia estava em Aracaju para uma lipoaspira\u00e7\u00e3o e o marido, Lucas Guimar\u00e3es, estava a trabalho em Canc\u00fan, no M\u00e9xico. Para a Pol\u00edcia Civil, os criminosos invadiram o im\u00f3vel sabendo o que queriam levar.<\/p>\n<p>As investiga\u00e7\u00f5es indicam que o crime foi encomendado e produtos espec\u00edficos eram o alvo: o rel\u00f3gio mais caro &#8211; avaliado em R$ 1 milh\u00e3o &#8211; e um colar de 36 diamantes &#8211; de R$ 1,5 milh\u00e3o. Eles estavam no cofre com algumas outras joias, e os bandidos sa\u00edram com cofre e tudo. Outros seis rel\u00f3gios tamb\u00e9m valiosos foram deixados para tr\u00e1s.<\/p>\n<p>De acordo com o delegado Lucim\u00e9rio Campos, as pessoas que cometeram o furto s\u00e3o especializadas nesse tipo de crime. Outro ponto investigado \u00e9 de que os criminosos tiveram informa\u00e7\u00f5es privilegiadas sobre as falhas do sistema de seguran\u00e7a do edif\u00edcio onde os influenciadores moram.<\/p>\n<p>As c\u00e2meras de seguran\u00e7a do edif\u00edcio gravaram dois criminosos entrando no pr\u00e9dio de Carlinhos Maia pela garagem. Nas imagens \u00e9 poss\u00edvel ver que os criminosos andam pelos cantos para chegar ao interior do pr\u00e9dio, usando m\u00e1scara, luva e chap\u00e9u.<\/p>\n<p>&nbsp;<\/p>\n<p>Fonte: G1\/AL<\/p>\n","protected":false},"excerpt":{"rendered":"<p>Com os tr\u00eas homens presos em Campina Grande (PB) suspeitos do furto ao apartamento de Carlinhos Maia e Lucas Guimar\u00e3es, em um luxuoso pr\u00e9dio em Macei\u00f3, a pol\u00edcia apreendeu equipamentos utilizados no crime: ferramentas, celulares, luvas, lanterna e uma escada retr\u00e1til. As joias e o rel\u00f3gio, avaliados em cerca de R$ 5 milh\u00f5es, ainda n\u00e3o &hellip;<\/p>\n","protected":false},"author":2,"featured_media":23758,"comment_status":"open","ping_status":"open","sticky":false,"template":"","format":"standard","meta":{"_jetpack_memberships_contains_paid_content":false,"footnotes":""},"categories":[4,1,3],"tags":[],"class_list":["post-23751","post","type-post","status-publish","format-standard","has-post-thumbnail","hentry","category-alagoas","category-destaque","category-penedo"],"jetpack_featured_media_url":"https:\/\/www.oparanews.com.br\/wp-content\/uploads\/2022\/06\/sssssssssss.jpg","jetpack_sharing_enabled":true,"_links":{"self":[{"href":"https:\/\/www.oparanews.com.br\/index.php\/wp-json\/wp\/v2\/posts\/23751","targetHints":{"allow":["GET"]}}],"collection":[{"href":"https:\/\/www.oparanews.com.br\/index.php\/wp-json\/wp\/v2\/posts"}],"about":[{"href":"https:\/\/www.oparanews.com.br\/index.php\/wp-json\/wp\/v2\/types\/post"}],"author":[{"embeddable":true,"href":"https:\/\/www.oparanews.com.br\/index.php\/wp-json\/wp\/v2\/users\/2"}],"replies":[{"embeddable":true,"href":"https:\/\/www.oparanews.com.br\/index.php\/wp-json\/wp\/v2\/comments?post=23751"}],"version-history":[{"count":1,"href":"https:\/\/www.oparanews.com.br\/index.php\/wp-json\/wp\/v2\/posts\/23751\/revisions"}],"predecessor-version":[{"id":23760,"href":"https:\/\/www.oparanews.com.br\/index.php\/wp-json\/wp\/v2\/posts\/23751\/revisions\/23760"}],"wp:featuredmedia":[{"embeddable":true,"href":"https:\/\/www.oparanews.com.br\/index.php\/wp-json\/wp\/v2\/media\/23758"}],"wp:attachment":[{"href":"https:\/\/www.oparanews.com.br\/index.php\/wp-json\/wp\/v2\/media?parent=23751"}],"wp:term":[{"taxonomy":"category","embeddable":true,"href":"https:\/\/www.oparanews.com.br\/index.php\/wp-json\/wp\/v2\/categories?post=23751"},{"taxonomy":"post_tag","embeddable":true,"href":"https:\/\/www.oparanews.com.br\/index.php\/wp-json\/wp\/v2\/tags?post=23751"}],"curies":[{"name":"wp","href":"https:\/\/api.w.org\/{rel}","templated":true}]}}