{"id":23752,"date":"2022-06-07T14:00:42","date_gmt":"2022-06-07T17:00:42","guid":{"rendered":"https:\/\/www.oparanews.com.br\/?p=23752"},"modified":"2022-06-07T14:00:42","modified_gmt":"2022-06-07T17:00:42","slug":"secretaria-de-saude-de-penedo-leva-vacina-e-orientacoes-para-familias-do-meio-rural","status":"publish","type":"post","link":"https:\/\/www.oparanews.com.br\/index.php\/2022\/06\/07\/secretaria-de-saude-de-penedo-leva-vacina-e-orientacoes-para-familias-do-meio-rural\/","title":{"rendered":"Secretaria de Sa\u00fade de Penedo leva vacina e orienta\u00e7\u00f5es para fam\u00edlias do meio rural"},"content":{"rendered":"<p>A Secretaria Municipal de Sa\u00fade (SEMS) da Prefeitura de Penedo levou servi\u00e7os at\u00e9 a zona rural, a\u00e7\u00e3o descentralizada no povoado Capela.<\/p>\n<p>&nbsp;<\/p>\n<p>O trabalho realizado nesta ter\u00e7a-feira, 07, refor\u00e7ou a\u00e7\u00f5es educativas sobre higieniza\u00e7\u00e3o de alimentos, com uso de hipoclorito, tratamento de \u00e1gua para consumo humano e combate ao mosquito transmissor da dengue.<\/p>\n<p>&nbsp;<\/p>\n<p>A equipe da SEMS tamb\u00e9m vacinou a popula\u00e7\u00e3o contra a gripe Influenza, de acordo com o p\u00fablico determinado pelo Minist\u00e9rio da Sa\u00fade.<\/p>\n<p>&nbsp;<\/p>\n<p>A campanha de vacina\u00e7\u00e3o contra a Influenza foi prorrogada at\u00e9 24 de junho e est\u00e1 dispon\u00edvel nos postos de sa\u00fade da SEMS Penedo, no Theatro Sete de Setembro e no Centro de Inclus\u00e3o Digital localizado na Pra\u00e7a Santa Luzia.<\/p>\n<p>&nbsp;<\/p>\n<p>Todos esses locais funcionam das 7h \u00e0s 11h30 e das 13h30 \u00e0s 17 horas.<\/p>\n<p>&nbsp;<\/p>\n<p>&nbsp;<\/p>\n<p>&nbsp;<\/p>\n<p><strong>Fonte: Secom PMP<\/strong><\/p>\n<p>&nbsp;<\/p>\n","protected":false},"excerpt":{"rendered":"<p>A Secretaria Municipal de Sa\u00fade (SEMS) da Prefeitura de Penedo levou servi\u00e7os at\u00e9 a zona rural, a\u00e7\u00e3o descentralizada no povoado Capela. &nbsp; O trabalho realizado nesta ter\u00e7a-feira, 07, refor\u00e7ou a\u00e7\u00f5es educativas sobre higieniza\u00e7\u00e3o de alimentos, com uso de hipoclorito, tratamento de \u00e1gua para consumo humano e combate ao mosquito transmissor da dengue. &nbsp; A equipe &hellip;<\/p>\n","protected":false},"author":2,"featured_media":23753,"comment_status":"open","ping_status":"open","sticky":false,"template":"","format":"standard","meta":{"_jetpack_memberships_contains_paid_content":false,"footnotes":""},"categories":[1,3],"tags":[],"class_list":["post-23752","post","type-post","status-publish","format-standard","has-post-thumbnail","hentry","category-destaque","category-penedo"],"jetpack_featured_media_url":"https:\/\/www.oparanews.com.br\/wp-content\/uploads\/2022\/06\/Sem-titulossssssssssss.png","jetpack_sharing_enabled":true,"_links":{"self":[{"href":"https:\/\/www.oparanews.com.br\/index.php\/wp-json\/wp\/v2\/posts\/23752","targetHints":{"allow":["GET"]}}],"collection":[{"href":"https:\/\/www.oparanews.com.br\/index.php\/wp-json\/wp\/v2\/posts"}],"about":[{"href":"https:\/\/www.oparanews.com.br\/index.php\/wp-json\/wp\/v2\/types\/post"}],"author":[{"embeddable":true,"href":"https:\/\/www.oparanews.com.br\/index.php\/wp-json\/wp\/v2\/users\/2"}],"replies":[{"embeddable":true,"href":"https:\/\/www.oparanews.com.br\/index.php\/wp-json\/wp\/v2\/comments?post=23752"}],"version-history":[{"count":1,"href":"https:\/\/www.oparanews.com.br\/index.php\/wp-json\/wp\/v2\/posts\/23752\/revisions"}],"predecessor-version":[{"id":23754,"href":"https:\/\/www.oparanews.com.br\/index.php\/wp-json\/wp\/v2\/posts\/23752\/revisions\/23754"}],"wp:featuredmedia":[{"embeddable":true,"href":"https:\/\/www.oparanews.com.br\/index.php\/wp-json\/wp\/v2\/media\/23753"}],"wp:attachment":[{"href":"https:\/\/www.oparanews.com.br\/index.php\/wp-json\/wp\/v2\/media?parent=23752"}],"wp:term":[{"taxonomy":"category","embeddable":true,"href":"https:\/\/www.oparanews.com.br\/index.php\/wp-json\/wp\/v2\/categories?post=23752"},{"taxonomy":"post_tag","embeddable":true,"href":"https:\/\/www.oparanews.com.br\/index.php\/wp-json\/wp\/v2\/tags?post=23752"}],"curies":[{"name":"wp","href":"https:\/\/api.w.org\/{rel}","templated":true}]}}