{"id":23775,"date":"2022-06-09T21:13:59","date_gmt":"2022-06-10T00:13:59","guid":{"rendered":"https:\/\/www.oparanews.com.br\/?p=23775"},"modified":"2022-06-09T21:14:26","modified_gmt":"2022-06-10T00:14:26","slug":"ronaldo-lopes-e-paulo-dantas-anunciam-investimentos-para-penedo-no-sabado-11","status":"publish","type":"post","link":"https:\/\/www.oparanews.com.br\/index.php\/2022\/06\/09\/ronaldo-lopes-e-paulo-dantas-anunciam-investimentos-para-penedo-no-sabado-11\/","title":{"rendered":"Ronaldo Lopes e Paulo Dantas anunciam investimentos para Penedo no s\u00e1bado, 11"},"content":{"rendered":"<p>O Prefeito de Penedo, Ronaldo Lopes, e o Governador de Alagoas, Paulo Dantas, trazem \u00f3timas not\u00edcias para a popula\u00e7\u00e3o penedense.<\/p>\n<p>&nbsp;<\/p>\n<p>Os gestores assinam conv\u00eanios, lan\u00e7am programas sociais e entregam equipamentos durante agenda de trabalho que acontece em Penedo no pr\u00f3ximo s\u00e1bado, 11.<\/p>\n<p>&nbsp;<\/p>\n<p>Os avan\u00e7os na assist\u00eancia \u00e0 popula\u00e7\u00e3o ser\u00e3o apresentados no Complexo Educacional e Esportivo Governador Moacir Andrade, o antigo Gin\u00e1sio do SESI, a partir das 14 horas.<\/p>\n<p>&nbsp;<\/p>\n<p><strong>Vida Nova<\/strong><\/p>\n<p>&nbsp;<\/p>\n<p>Em seu retorno a Penedo, o Governador Paulo Dantas oficializa o Vida Nova nas Grotas, programa lan\u00e7ado por Renan Filho que investe na infraestrutura de comunidades situadas em \u00e1rea de dif\u00edcil acesso.<\/p>\n<p>&nbsp;<\/p>\n<p>Desenvolvido em parceria com a ONU e vencedor de pr\u00eamio internacional para projetos inovadores, o Vida Nova nas Grotas em Penedo \u00e9 mais um benef\u00edcio viabilizado por Ronaldo Lopes junto ao governo estadual.<\/p>\n<p>&nbsp;<\/p>\n<p>A articula\u00e7\u00e3o do prefeito com os governadores atender\u00e1 localidades dos bairros Santo Ant\u00f4nio (Barro Vermelho), Senhor do Bonfim (Oiteiro) e Castro Alves (Bititinga).<\/p>\n<p>&nbsp;<\/p>\n<p><strong>Mesa Cheia<\/strong><\/p>\n<p>&nbsp;<\/p>\n<p>O desenvolvimento de pol\u00edticas p\u00fablicas para pessoas em situa\u00e7\u00e3o de vulnerabilidade social tamb\u00e9m \u00e9 prioridade na gest\u00e3o Penedo Crescendo Com Seu Povo. Al\u00e9m dos trabalhos de rotina, Ronaldo Lopes lan\u00e7a programas de distribui\u00e7\u00e3o de renda.<\/p>\n<p>&nbsp;<\/p>\n<p>O Mesa Cheia e o Bolsa Aux\u00edlio Perman\u00eancia ser\u00e3o apresentados ao Governador Paulo Dantas durante a solenidade que ter\u00e1 ainda a entrega de ve\u00edculos e equipamentos do Fortalece Alagoas.<\/p>\n<p>&nbsp;<\/p>\n<p>&nbsp;<\/p>\n<p>&nbsp;<\/p>\n<p><strong>por Fernando Vin\u00edcius \u2013 Secom PMP<\/strong><\/p>\n<p>&nbsp;<\/p>\n","protected":false},"excerpt":{"rendered":"<p>O Prefeito de Penedo, Ronaldo Lopes, e o Governador de Alagoas, Paulo Dantas, trazem \u00f3timas not\u00edcias para a popula\u00e7\u00e3o penedense. &nbsp; Os gestores assinam conv\u00eanios, lan\u00e7am programas sociais e entregam equipamentos durante agenda de trabalho que acontece em Penedo no pr\u00f3ximo s\u00e1bado, 11. &nbsp; Os avan\u00e7os na assist\u00eancia \u00e0 popula\u00e7\u00e3o ser\u00e3o apresentados no Complexo Educacional &hellip;<\/p>\n","protected":false},"author":2,"featured_media":23778,"comment_status":"open","ping_status":"open","sticky":false,"template":"","format":"standard","meta":{"_jetpack_memberships_contains_paid_content":false,"footnotes":""},"categories":[1,3],"tags":[],"class_list":["post-23775","post","type-post","status-publish","format-standard","has-post-thumbnail","hentry","category-destaque","category-penedo"],"jetpack_featured_media_url":"https:\/\/www.oparanews.com.br\/wp-content\/uploads\/2022\/06\/Sem-titulo-6.jpg","jetpack_sharing_enabled":true,"_links":{"self":[{"href":"https:\/\/www.oparanews.com.br\/index.php\/wp-json\/wp\/v2\/posts\/23775","targetHints":{"allow":["GET"]}}],"collection":[{"href":"https:\/\/www.oparanews.com.br\/index.php\/wp-json\/wp\/v2\/posts"}],"about":[{"href":"https:\/\/www.oparanews.com.br\/index.php\/wp-json\/wp\/v2\/types\/post"}],"author":[{"embeddable":true,"href":"https:\/\/www.oparanews.com.br\/index.php\/wp-json\/wp\/v2\/users\/2"}],"replies":[{"embeddable":true,"href":"https:\/\/www.oparanews.com.br\/index.php\/wp-json\/wp\/v2\/comments?post=23775"}],"version-history":[{"count":1,"href":"https:\/\/www.oparanews.com.br\/index.php\/wp-json\/wp\/v2\/posts\/23775\/revisions"}],"predecessor-version":[{"id":23777,"href":"https:\/\/www.oparanews.com.br\/index.php\/wp-json\/wp\/v2\/posts\/23775\/revisions\/23777"}],"wp:featuredmedia":[{"embeddable":true,"href":"https:\/\/www.oparanews.com.br\/index.php\/wp-json\/wp\/v2\/media\/23778"}],"wp:attachment":[{"href":"https:\/\/www.oparanews.com.br\/index.php\/wp-json\/wp\/v2\/media?parent=23775"}],"wp:term":[{"taxonomy":"category","embeddable":true,"href":"https:\/\/www.oparanews.com.br\/index.php\/wp-json\/wp\/v2\/categories?post=23775"},{"taxonomy":"post_tag","embeddable":true,"href":"https:\/\/www.oparanews.com.br\/index.php\/wp-json\/wp\/v2\/tags?post=23775"}],"curies":[{"name":"wp","href":"https:\/\/api.w.org\/{rel}","templated":true}]}}