{"id":23782,"date":"2022-06-09T21:32:35","date_gmt":"2022-06-10T00:32:35","guid":{"rendered":"https:\/\/www.oparanews.com.br\/?p=23782"},"modified":"2022-06-09T21:32:35","modified_gmt":"2022-06-10T00:32:35","slug":"acidente-envolvendo-duas-motocicletas-e-registrado-em-penedo","status":"publish","type":"post","link":"https:\/\/www.oparanews.com.br\/index.php\/2022\/06\/09\/acidente-envolvendo-duas-motocicletas-e-registrado-em-penedo\/","title":{"rendered":"Acidente envolvendo duas motocicletas \u00e9 registrado em Penedo"},"content":{"rendered":"<p>Nesta quinta-feira, 09, policiais do 11\u00ba Batalh\u00e3o de Pol\u00edcia Militar registraram um acidente envolvendo duas motocicletas na Rodovia M\u00e1rio Freire Leahy, parte alta do munic\u00edpio de Penedo.<\/p>\n<p>&nbsp;<\/p>\n<p>Segundo informa\u00e7\u00f5es, uma motocicleta guiada por um homem, que n\u00e3o teve a identidade revelada, fazia o movimento para estacionar em frente \u00e0 empresa Prestek Telecom quando foi atingido por uma motocicleta que seguia sentido Ciretran. Com o impacto, os dois foram arremessados das motocicletas.<\/p>\n<p>&nbsp;<\/p>\n<p>O rapaz n\u00e3o sofreu ferimentos grave e n\u00e3o precisou de atendimento m\u00e9dico, enquanto que a guia da outra motocicleta (uma mulher que n\u00e3o teve a identidade revelada) teve que ser encaminhada para a UPA (Unidade de Pronto Atendimento de Penedo).<\/p>\n<p>&nbsp;<\/p>\n<p><iframe loading=\"lazy\" title=\"Acidente envolvendo duas motos \u00e9 registrado em Penedo\" width=\"500\" height=\"281\" src=\"https:\/\/www.youtube.com\/embed\/AZvv3SeJ0u4?feature=oembed\" frameborder=\"0\" allow=\"accelerometer; autoplay; clipboard-write; encrypted-media; gyroscope; picture-in-picture; web-share\" referrerpolicy=\"strict-origin-when-cross-origin\" allowfullscreen><\/iframe><\/p>\n<p>&nbsp;<\/p>\n<p>&nbsp;<\/p>\n<p><strong>por Walberth Lima\/Reda\u00e7\u00e3o<\/strong><\/p>\n<p>&nbsp;<\/p>\n","protected":false},"excerpt":{"rendered":"<p>Nesta quinta-feira, 09, policiais do 11\u00ba Batalh\u00e3o de Pol\u00edcia Militar registraram um acidente envolvendo duas motocicletas na Rodovia M\u00e1rio Freire Leahy, parte alta do munic\u00edpio de Penedo. &nbsp; Segundo informa\u00e7\u00f5es, uma motocicleta guiada por um homem, que n\u00e3o teve a identidade revelada, fazia o movimento para estacionar em frente \u00e0 empresa Prestek Telecom quando foi &hellip;<\/p>\n","protected":false},"author":2,"featured_media":23783,"comment_status":"open","ping_status":"open","sticky":false,"template":"","format":"standard","meta":{"_jetpack_memberships_contains_paid_content":false,"footnotes":""},"categories":[1,3],"tags":[],"class_list":["post-23782","post","type-post","status-publish","format-standard","has-post-thumbnail","hentry","category-destaque","category-penedo"],"jetpack_featured_media_url":"https:\/\/www.oparanews.com.br\/wp-content\/uploads\/2022\/06\/Sem-titulo-7.jpg","jetpack_sharing_enabled":true,"_links":{"self":[{"href":"https:\/\/www.oparanews.com.br\/index.php\/wp-json\/wp\/v2\/posts\/23782","targetHints":{"allow":["GET"]}}],"collection":[{"href":"https:\/\/www.oparanews.com.br\/index.php\/wp-json\/wp\/v2\/posts"}],"about":[{"href":"https:\/\/www.oparanews.com.br\/index.php\/wp-json\/wp\/v2\/types\/post"}],"author":[{"embeddable":true,"href":"https:\/\/www.oparanews.com.br\/index.php\/wp-json\/wp\/v2\/users\/2"}],"replies":[{"embeddable":true,"href":"https:\/\/www.oparanews.com.br\/index.php\/wp-json\/wp\/v2\/comments?post=23782"}],"version-history":[{"count":1,"href":"https:\/\/www.oparanews.com.br\/index.php\/wp-json\/wp\/v2\/posts\/23782\/revisions"}],"predecessor-version":[{"id":23784,"href":"https:\/\/www.oparanews.com.br\/index.php\/wp-json\/wp\/v2\/posts\/23782\/revisions\/23784"}],"wp:featuredmedia":[{"embeddable":true,"href":"https:\/\/www.oparanews.com.br\/index.php\/wp-json\/wp\/v2\/media\/23783"}],"wp:attachment":[{"href":"https:\/\/www.oparanews.com.br\/index.php\/wp-json\/wp\/v2\/media?parent=23782"}],"wp:term":[{"taxonomy":"category","embeddable":true,"href":"https:\/\/www.oparanews.com.br\/index.php\/wp-json\/wp\/v2\/categories?post=23782"},{"taxonomy":"post_tag","embeddable":true,"href":"https:\/\/www.oparanews.com.br\/index.php\/wp-json\/wp\/v2\/tags?post=23782"}],"curies":[{"name":"wp","href":"https:\/\/api.w.org\/{rel}","templated":true}]}}