{"id":23788,"date":"2022-06-10T21:27:50","date_gmt":"2022-06-11T00:27:50","guid":{"rendered":"https:\/\/www.oparanews.com.br\/?p=23788"},"modified":"2022-06-10T21:27:50","modified_gmt":"2022-06-11T00:27:50","slug":"situacao-de-emergencia-em-penedo-gera-retomada-das-aulas-remotas-pela-semed","status":"publish","type":"post","link":"https:\/\/www.oparanews.com.br\/index.php\/2022\/06\/10\/situacao-de-emergencia-em-penedo-gera-retomada-das-aulas-remotas-pela-semed\/","title":{"rendered":"Situa\u00e7\u00e3o de emerg\u00eancia em Penedo gera retomada das aulas remotas pela Semed"},"content":{"rendered":"<p>O sistema de aulas remotas ser\u00e1 novamente utilizado pela Prefeitura de Penedo a partir da ter\u00e7a-feira, 14, decis\u00e3o motivada pela situa\u00e7\u00e3o de emerg\u00eancia no munic\u00edpio.<\/p>\n<p>&nbsp;<\/p>\n<p>Os danos causados pelas chuvas em estradas vicinais e o uso de unidades de ensino da Secretaria Municipal de Educa\u00e7\u00e3o (Semed) como abrigo para fam\u00edlias desabrigadas impedem a retomada do ano letivo presencial.<\/p>\n<p>&nbsp;<\/p>\n<p>O planejamento discutido com o Prefeito Ronaldo Lopes e o Conselho Municipal de Educa\u00e7\u00e3o inclui ainda a utiliza\u00e7\u00e3o de escolas da cidade e da zona rural como ponto de apoio para estudantes sem Internet ou equipamento (computador, notebook ou smarthphone).<\/p>\n<p>&nbsp;<\/p>\n<p>A Semed Penedo havia antecipado o recesso escolar do meio do ano em fun\u00e7\u00e3o da necessidade de utilizar escolas para receber pessoas que precisaram sair de casa termina na segunda-feira, 13.<\/p>\n<p>&nbsp;<\/p>\n<p>\u201cVamos dar todo apoio log\u00edstico e t\u00e9cnico para que estudantes e professores possam desempenhar as atividades da melhor forma poss\u00edvel\u201d, afirma a Secret\u00e1ria Municipal de Educa\u00e7\u00e3o, C\u00ednthya Alves.<\/p>\n<p>&nbsp;<\/p>\n<p>\u201cGostar\u00edamos que tudo j\u00e1 tivesse voltado ao normal, que as fam\u00edlias pudessem estar em casa e que os estragos causados pelas chuvas n\u00e3o fossem t\u00e3o grandes, inclusive na zona rural\u201d, ressalta gestora Cinthya Alves, parabenizando o prefeito Ronaldo Lopes pelo trabalho de assist\u00eancia \u00e0s v\u00edtimas do desastre natural e de a\u00e7\u00f5es para recupera\u00e7\u00e3o da infraestrutura do munic\u00edpio.<\/p>\n<p>&nbsp;<\/p>\n<p>At\u00e9 esta sexta-feira, 10, 271 pessoas desabrigadas pelas chuvas est\u00e3o acolhidas em seis das 22 unidades da rede de ensino p\u00fablica municipal. Ao mesmo tempo, a Prefeitura de Penedo repara os danos causados, trabalho que tem apoio do Governador Paulo Dantas.<\/p>\n<p>&nbsp;<\/p>\n<p>&nbsp;<\/p>\n<p>&nbsp;<\/p>\n<p><strong>por Fernando Vin\u00edcius \u2013 Secom PMP<\/strong><\/p>\n<p>&nbsp;<\/p>\n","protected":false},"excerpt":{"rendered":"<p>O sistema de aulas remotas ser\u00e1 novamente utilizado pela Prefeitura de Penedo a partir da ter\u00e7a-feira, 14, decis\u00e3o motivada pela situa\u00e7\u00e3o de emerg\u00eancia no munic\u00edpio. &nbsp; Os danos causados pelas chuvas em estradas vicinais e o uso de unidades de ensino da Secretaria Municipal de Educa\u00e7\u00e3o (Semed) como abrigo para fam\u00edlias desabrigadas impedem a retomada &hellip;<\/p>\n","protected":false},"author":2,"featured_media":23789,"comment_status":"open","ping_status":"open","sticky":false,"template":"","format":"standard","meta":{"_jetpack_memberships_contains_paid_content":false,"footnotes":""},"categories":[1,3],"tags":[],"class_list":["post-23788","post","type-post","status-publish","format-standard","has-post-thumbnail","hentry","category-destaque","category-penedo"],"jetpack_featured_media_url":"https:\/\/www.oparanews.com.br\/wp-content\/uploads\/2022\/06\/aulas-remotas-semed-penedo.jpeg","jetpack_sharing_enabled":true,"_links":{"self":[{"href":"https:\/\/www.oparanews.com.br\/index.php\/wp-json\/wp\/v2\/posts\/23788","targetHints":{"allow":["GET"]}}],"collection":[{"href":"https:\/\/www.oparanews.com.br\/index.php\/wp-json\/wp\/v2\/posts"}],"about":[{"href":"https:\/\/www.oparanews.com.br\/index.php\/wp-json\/wp\/v2\/types\/post"}],"author":[{"embeddable":true,"href":"https:\/\/www.oparanews.com.br\/index.php\/wp-json\/wp\/v2\/users\/2"}],"replies":[{"embeddable":true,"href":"https:\/\/www.oparanews.com.br\/index.php\/wp-json\/wp\/v2\/comments?post=23788"}],"version-history":[{"count":1,"href":"https:\/\/www.oparanews.com.br\/index.php\/wp-json\/wp\/v2\/posts\/23788\/revisions"}],"predecessor-version":[{"id":23790,"href":"https:\/\/www.oparanews.com.br\/index.php\/wp-json\/wp\/v2\/posts\/23788\/revisions\/23790"}],"wp:featuredmedia":[{"embeddable":true,"href":"https:\/\/www.oparanews.com.br\/index.php\/wp-json\/wp\/v2\/media\/23789"}],"wp:attachment":[{"href":"https:\/\/www.oparanews.com.br\/index.php\/wp-json\/wp\/v2\/media?parent=23788"}],"wp:term":[{"taxonomy":"category","embeddable":true,"href":"https:\/\/www.oparanews.com.br\/index.php\/wp-json\/wp\/v2\/categories?post=23788"},{"taxonomy":"post_tag","embeddable":true,"href":"https:\/\/www.oparanews.com.br\/index.php\/wp-json\/wp\/v2\/tags?post=23788"}],"curies":[{"name":"wp","href":"https:\/\/api.w.org\/{rel}","templated":true}]}}