{"id":23791,"date":"2022-06-10T21:32:06","date_gmt":"2022-06-11T00:32:06","guid":{"rendered":"https:\/\/www.oparanews.com.br\/?p=23791"},"modified":"2022-06-10T21:32:06","modified_gmt":"2022-06-11T00:32:06","slug":"oab-alagoas-e-secretaria-de-ressocializacao-discutem-melhorias-para-o-sistema-prisional","status":"publish","type":"post","link":"https:\/\/www.oparanews.com.br\/index.php\/2022\/06\/10\/oab-alagoas-e-secretaria-de-ressocializacao-discutem-melhorias-para-o-sistema-prisional\/","title":{"rendered":"OAB Alagoas e Secretaria de Ressocializa\u00e7\u00e3o discutem melhorias para o sistema prisional"},"content":{"rendered":"<p>A Ordem dos Advogados do Brasil em Alagoas (OAB\/AL) e a Secretaria de Estado de Ressocializa\u00e7\u00e3o e Inclus\u00e3o Social (Seris) discutiram, nesta sexta-feira (10), medidas que buscam solucionar problemas no sistema prisional alagoano. O presidente da OAB\/AL, Vagner Paes, recebeu o secret\u00e1rio Marcos S\u00e9rgio de Freitas, al\u00e9m dos representantes do sistema prisional estadual Milton Pereira e Marciano Alex.<\/p>\n<p>&nbsp;<\/p>\n<p>No encontro, foram discutidas a implanta\u00e7\u00e3o definitiva do parlat\u00f3rio virtual, que vai facilitar a comunica\u00e7\u00e3o entre advogados e detentos, al\u00e9m de melhorias nos parlat\u00f3rios f\u00edsicos e a cria\u00e7\u00e3o de um aplicativo que permita agendamentos de visitas. A medida busca, sobretudo, evitar que advogados que atuam no interior do estado se desloquem at\u00e9 a capital e n\u00e3o consigam ter contato com seus clientes nos pres\u00eddios.<\/p>\n<p>&nbsp;<\/p>\n<p>&#8220;Esta foi uma visita de cortesia do secret\u00e1rio Marcos S\u00e9rgio. A proposta desse encontro foi debater as dificuldades que a advocacia vem enfrentando no atendimento dos clientes e as dificuldades que as fam\u00edlias dos custodiados est\u00e3o enfrentando em rela\u00e7\u00e3o \u00e0s visitas. Esse foi um encontro muito propositivo e recebemos sinaliza\u00e7\u00f5es de que nossos pedidos ser\u00e3o atendidos&#8221;, explicou o presidente Vagner Paes.<\/p>\n<p>&nbsp;<\/p>\n<p>De acordo com o presidente da OAB Alagoas, durante o encontro com o secret\u00e1rio Marcos S\u00e9rgio tamb\u00e9m ficou acertado que a Ordem vai buscar contato com a Secretaria de Seguran\u00e7a P\u00fablica para discutir o deslocamento de presos. &#8220;Nossa ideia \u00e9 melhorar a interlocu\u00e7\u00e3o entre a Pol\u00edcia Civil e a Pol\u00edcia Penal, para debater o deslocamento de detentos, o que implica no atendimento da advocacia&#8221;, concluiu Paes.<\/p>\n<p>&nbsp;<\/p>\n<p>O presidente da Comiss\u00e3o de Defesa dos Direitos Humanos da OAB\/AL, Roberto Moura, relatou que, al\u00e9m de pautas focadas na advocacia, o encontro serviu para apresentar as reivindica\u00e7\u00f5es de familiares de detentos. &#8220;Procuramos avan\u00e7ar em outras pautas, como a alimenta\u00e7\u00e3o para os reeducandos, visitas e discuss\u00f5es sobre o local onde se encontra o custodiado&#8221;, ponderou Roberto Moura.<\/p>\n<p>&nbsp;<\/p>\n<p>Na oportunidade, ficou definido que a advocacia ter\u00e1 acesso ao Sistema de Administra\u00e7\u00e3o Penitenci\u00e1ria, para que possa localizar com maior facilidade os detentos. &#8220;A reuni\u00e3o foi extremamente frut\u00edfera. A gente trouxe todas as demandas que os familiares nos apresentaram, suscitamos quest\u00f5es que envolvem um novo concurso p\u00fablico para os policiais penais e procuramos avan\u00e7ar nas pautas de Direitos Humanos&#8221;, destacou Moura.<\/p>\n<p>&nbsp;<\/p>\n<p>Tamb\u00e9m participaram do encontro o presidente da Caixa de Assist\u00eancia dos Advogados de Alagoas, Leonardo de Moraes; o diretor de Defesa das Prerrogativas da OAB, Marcondes Costa; o chefe da Ger\u00eancia Especial de Unidades Prisionais da Seris, Milton Pereira; e o chefe de Gest\u00e3o de Unidades Prisionais da Seris, Marciano Alex.<\/p>\n<p>&nbsp;<\/p>\n<p>&nbsp;<\/p>\n<p><strong>Fonte: Coordena\u00e7\u00e3o de Comunica\u00e7\u00e3o\/OAB Alagoas<\/strong><\/p>\n<p>&nbsp;<\/p>\n","protected":false},"excerpt":{"rendered":"<p>A Ordem dos Advogados do Brasil em Alagoas (OAB\/AL) e a Secretaria de Estado de Ressocializa\u00e7\u00e3o e Inclus\u00e3o Social (Seris) discutiram, nesta sexta-feira (10), medidas que buscam solucionar problemas no sistema prisional alagoano. O presidente da OAB\/AL, Vagner Paes, recebeu o secret\u00e1rio Marcos S\u00e9rgio de Freitas, al\u00e9m dos representantes do sistema prisional estadual Milton Pereira &hellip;<\/p>\n","protected":false},"author":2,"featured_media":23792,"comment_status":"open","ping_status":"open","sticky":false,"template":"","format":"standard","meta":{"_jetpack_memberships_contains_paid_content":false,"footnotes":""},"categories":[4],"tags":[],"class_list":["post-23791","post","type-post","status-publish","format-standard","has-post-thumbnail","hentry","category-alagoas"],"jetpack_featured_media_url":"https:\/\/www.oparanews.com.br\/wp-content\/uploads\/2022\/06\/10.06.2022-Reuniao-Vagner-5-scaled.jpg","jetpack_sharing_enabled":true,"_links":{"self":[{"href":"https:\/\/www.oparanews.com.br\/index.php\/wp-json\/wp\/v2\/posts\/23791","targetHints":{"allow":["GET"]}}],"collection":[{"href":"https:\/\/www.oparanews.com.br\/index.php\/wp-json\/wp\/v2\/posts"}],"about":[{"href":"https:\/\/www.oparanews.com.br\/index.php\/wp-json\/wp\/v2\/types\/post"}],"author":[{"embeddable":true,"href":"https:\/\/www.oparanews.com.br\/index.php\/wp-json\/wp\/v2\/users\/2"}],"replies":[{"embeddable":true,"href":"https:\/\/www.oparanews.com.br\/index.php\/wp-json\/wp\/v2\/comments?post=23791"}],"version-history":[{"count":1,"href":"https:\/\/www.oparanews.com.br\/index.php\/wp-json\/wp\/v2\/posts\/23791\/revisions"}],"predecessor-version":[{"id":23793,"href":"https:\/\/www.oparanews.com.br\/index.php\/wp-json\/wp\/v2\/posts\/23791\/revisions\/23793"}],"wp:featuredmedia":[{"embeddable":true,"href":"https:\/\/www.oparanews.com.br\/index.php\/wp-json\/wp\/v2\/media\/23792"}],"wp:attachment":[{"href":"https:\/\/www.oparanews.com.br\/index.php\/wp-json\/wp\/v2\/media?parent=23791"}],"wp:term":[{"taxonomy":"category","embeddable":true,"href":"https:\/\/www.oparanews.com.br\/index.php\/wp-json\/wp\/v2\/categories?post=23791"},{"taxonomy":"post_tag","embeddable":true,"href":"https:\/\/www.oparanews.com.br\/index.php\/wp-json\/wp\/v2\/tags?post=23791"}],"curies":[{"name":"wp","href":"https:\/\/api.w.org\/{rel}","templated":true}]}}