{"id":23806,"date":"2022-06-11T11:24:46","date_gmt":"2022-06-11T14:24:46","guid":{"rendered":"https:\/\/www.oparanews.com.br\/?p=23806"},"modified":"2022-06-11T11:24:46","modified_gmt":"2022-06-11T14:24:46","slug":"penedo-vereador-rodrigo-regueira-relata-drama-para-gestante-do-povoado-espigao","status":"publish","type":"post","link":"https:\/\/www.oparanews.com.br\/index.php\/2022\/06\/11\/penedo-vereador-rodrigo-regueira-relata-drama-para-gestante-do-povoado-espigao\/","title":{"rendered":"PENEDO: Vereador Rodrigo Regueira relata drama para gestante do povoado Espig\u00e3o"},"content":{"rendered":"<p>O Vereador Rodrigo Regueira usou a tribuna da C\u00e2mara Municipal de Penedo para relatar o drama de uma gestante que reside no povoado Espig\u00e3o, localidade isolada pelas chuvas e que cancelou as festividades de seu padroeiro, Santo Ant\u00f4nio.<\/p>\n<p>&nbsp;<\/p>\n<p>Apesar das cobran\u00e7as que fez no plen\u00e1rio, a solu\u00e7\u00e3o ainda n\u00e3o veio e a afli\u00e7\u00e3o tomou conta da comunidade quando a mulher entrou em trabalho de parto. A comunidade se mobilizou, pegou t\u00e1buas para tentar viabilizar a passagem de carro sobre a ponte danificada, mas n\u00e3o funcionou.<\/p>\n<p>&nbsp;<\/p>\n<p>A gestante precisou ser carregada em uma cadeira por moradores que enfrentaram a correnteza do rio e a levaram at\u00e9 a outra margem, onde um ve\u00edculo fez o deslocamento at\u00e9 a maternidade da Santa Casa de Penedo.<\/p>\n<p>&nbsp;<\/p>\n<p>O vereador cobrou provid\u00eancias, assim como para outras localidades da zona rural, e afirmou que ir\u00e1 manter as reivindica\u00e7\u00f5es at\u00e9 que sejam atendidas.<\/p>\n<p>&nbsp;<\/p>\n<p>Al\u00e9m da situa\u00e7\u00e3o que descreveu em seu discurso na sess\u00e3o de quinta-feira, 09, Rodrigo Regueira apresentou requerimento solicitando a limpeza das ruas dos bairro Santa Izabel, popular Cacimbinhas, e quando as chuvas diminuir, concluir o campo de futebol, trabalhos que precisam ser feitos antes da realiza\u00e7\u00e3o dos festejos da padroeira da comunidade.<\/p>\n<p>&nbsp;<\/p>\n<p>&nbsp;<\/p>\n<p>&nbsp;<\/p>\n<p><strong>Fonte: Ascom CMP<\/strong><\/p>\n<p>&nbsp;<\/p>\n","protected":false},"excerpt":{"rendered":"<p>O Vereador Rodrigo Regueira usou a tribuna da C\u00e2mara Municipal de Penedo para relatar o drama de uma gestante que reside no povoado Espig\u00e3o, localidade isolada pelas chuvas e que cancelou as festividades de seu padroeiro, Santo Ant\u00f4nio. &nbsp; Apesar das cobran\u00e7as que fez no plen\u00e1rio, a solu\u00e7\u00e3o ainda n\u00e3o veio e a afli\u00e7\u00e3o tomou &hellip;<\/p>\n","protected":false},"author":2,"featured_media":23807,"comment_status":"open","ping_status":"open","sticky":false,"template":"","format":"standard","meta":{"_jetpack_memberships_contains_paid_content":false,"footnotes":""},"categories":[4,3],"tags":[],"class_list":["post-23806","post","type-post","status-publish","format-standard","has-post-thumbnail","hentry","category-alagoas","category-penedo"],"jetpack_featured_media_url":"https:\/\/www.oparanews.com.br\/wp-content\/uploads\/2022\/06\/rodrigoregueira-1.jpg","jetpack_sharing_enabled":true,"_links":{"self":[{"href":"https:\/\/www.oparanews.com.br\/index.php\/wp-json\/wp\/v2\/posts\/23806","targetHints":{"allow":["GET"]}}],"collection":[{"href":"https:\/\/www.oparanews.com.br\/index.php\/wp-json\/wp\/v2\/posts"}],"about":[{"href":"https:\/\/www.oparanews.com.br\/index.php\/wp-json\/wp\/v2\/types\/post"}],"author":[{"embeddable":true,"href":"https:\/\/www.oparanews.com.br\/index.php\/wp-json\/wp\/v2\/users\/2"}],"replies":[{"embeddable":true,"href":"https:\/\/www.oparanews.com.br\/index.php\/wp-json\/wp\/v2\/comments?post=23806"}],"version-history":[{"count":1,"href":"https:\/\/www.oparanews.com.br\/index.php\/wp-json\/wp\/v2\/posts\/23806\/revisions"}],"predecessor-version":[{"id":23808,"href":"https:\/\/www.oparanews.com.br\/index.php\/wp-json\/wp\/v2\/posts\/23806\/revisions\/23808"}],"wp:featuredmedia":[{"embeddable":true,"href":"https:\/\/www.oparanews.com.br\/index.php\/wp-json\/wp\/v2\/media\/23807"}],"wp:attachment":[{"href":"https:\/\/www.oparanews.com.br\/index.php\/wp-json\/wp\/v2\/media?parent=23806"}],"wp:term":[{"taxonomy":"category","embeddable":true,"href":"https:\/\/www.oparanews.com.br\/index.php\/wp-json\/wp\/v2\/categories?post=23806"},{"taxonomy":"post_tag","embeddable":true,"href":"https:\/\/www.oparanews.com.br\/index.php\/wp-json\/wp\/v2\/tags?post=23806"}],"curies":[{"name":"wp","href":"https:\/\/api.w.org\/{rel}","templated":true}]}}