{"id":23833,"date":"2022-06-14T20:31:24","date_gmt":"2022-06-14T23:31:24","guid":{"rendered":"https:\/\/www.oparanews.com.br\/?p=23833"},"modified":"2022-06-14T20:31:24","modified_gmt":"2022-06-14T23:31:24","slug":"volta-as-aulas-chuvas-alteram-calendario-da-rede-municipal-de-coruripe","status":"publish","type":"post","link":"https:\/\/www.oparanews.com.br\/index.php\/2022\/06\/14\/volta-as-aulas-chuvas-alteram-calendario-da-rede-municipal-de-coruripe\/","title":{"rendered":"Volta \u00e0s aulas: Chuvas alteram calend\u00e1rio da Rede Municipal de Coruripe"},"content":{"rendered":"<p>As fortes chuvas que ca\u00edram em Coruripe causaram muitos transtornos, afetando a vida de centenas de fam\u00edlias entre as zonas urbana e rural, e deixando muitos desalojados e desabrigados. Sendo este, um dos principais motivos para o prolongamento do recesso escolar do meio do ano.<\/p>\n<p>&nbsp;<\/p>\n<p>As aulas, que retornariam no dia 15 deste m\u00eas, tiveram que ser adiadas para o dia 1\u00ba de julho, antecipando quinze dias das f\u00e9rias de janeiro, como forma de n\u00e3o prejudicar o calend\u00e1rio e cumprir os 200 dias letivos.<\/p>\n<p>&nbsp;<\/p>\n<p>Na tarde desta ter\u00e7a-feira (14), a equipe pedag\u00f3gica da Secretaria Municipal de Sa\u00fade apresentou a reformula\u00e7\u00e3o do calend\u00e1rio letivo de 2022, durante reuni\u00e3o do Conselho Municipal de Educa\u00e7\u00e3o, que deliberou e aprovou as mudan\u00e7as.<\/p>\n<p>&nbsp;<\/p>\n<p>&#8220;As chuvas causaram muitos transtornos em Coruripe. Por isso a necessidade de revisar o calend\u00e1rio escolar e antecipar as f\u00e9rias de janeiro. Em reuni\u00e3o extraordin\u00e1ria do Conselho Municipal de Educa\u00e7\u00e3o foi deliberado e aprovado que as aulas retornar\u00e3o 100% presenciais no dia 1\u00ba de julho&#8221;, explicou a gerente T\u00e9cnica e Pedag\u00f3gica da Secretaria de Educa\u00e7\u00e3o de Coruripe, Fabiana Rocha.<\/p>\n<p>&nbsp;<\/p>\n<p>Atualmente, oito escolas municipais est\u00e3o sendo usadas como abrigos para as v\u00edtimas das chuvas. Al\u00e9m disso, outras dez unidades sofreram danos com ap\u00f3s as fortes chuvas.<\/p>\n<p>&nbsp;<\/p>\n<p>De acordo com a gerente, para adiar o retorno sem prejudicar o calend\u00e1rio letivo, foram antecipadas as f\u00e9rias de janeiro em 15 dias para o m\u00eas de julho, prazo que ser\u00e1 utilizado para realizar a desocupa\u00e7\u00e3o das escolas, limpeza e reorganiza\u00e7\u00e3o das escolas para receber os alunos ap\u00f3s o recesso.<\/p>\n<p>&nbsp;<\/p>\n<p>&#8220;Algumas escolas est\u00e3o passando por reparos devido \u00e0s fortes chuvas. Outras est\u00e3o sendo usadas como abrigo. Ap\u00f3s a desocupa\u00e7\u00e3o, essas unidades ter\u00e3o que passar por alguns reparos e um processo de limpeza. Por isso a necessidade de antecipa\u00e7\u00e3o das f\u00e9rias de janeiro. Mas, nenhum aluno da rede municipal sofrer\u00e1 qualquer tipo de perda e todos ter\u00e3o os 200 dias letivos&#8221;, afirmou.<\/p>\n<p>&nbsp;<\/p>\n<p>Nos pr\u00f3ximos dias, o novo calend\u00e1rio escolar ser\u00e1 enviado \u00e0s unidades de ensino para divulga\u00e7\u00e3o \u00e0 comunidade escolar e para o replanejamento das atividades pedag\u00f3gicas do ano letivo em curso.<\/p>\n<p>&nbsp;<\/p>\n<p>&#8220;Vamos cumprir o determina a Lei de Diretrizes e Bases da Educa\u00e7\u00e3o (LDBEN) e dar prosseguimento \u00e0s a\u00e7\u00f5es planejadas que objetivam recompor a aprendizagem prejudicada pelo per\u00edodo pand\u00eamico, sem preju\u00edzo algum, das f\u00e9rias dos servidores&#8221;, encerrou a gerente T\u00e9cnica e Pedag\u00f3gica da Secretaria de Educa\u00e7\u00e3o de Coruripe, Fabiana Rocha.<\/p>\n<p>&nbsp;<\/p>\n<p>Sugest\u00e3o de legenda das fotos: Durante reuni\u00e3o, Conselho Municipal de Educa\u00e7\u00e3o delibera e aprova novo calend\u00e1rio escolar de Coruripe<\/p>\n<p>&nbsp;<\/p>\n<p>&nbsp;<\/p>\n<p><strong>Fonte: Secom Coruripe<\/strong><\/p>\n<p>&nbsp;<\/p>\n","protected":false},"excerpt":{"rendered":"<p>As fortes chuvas que ca\u00edram em Coruripe causaram muitos transtornos, afetando a vida de centenas de fam\u00edlias entre as zonas urbana e rural, e deixando muitos desalojados e desabrigados. Sendo este, um dos principais motivos para o prolongamento do recesso escolar do meio do ano. &nbsp; As aulas, que retornariam no dia 15 deste m\u00eas, &hellip;<\/p>\n","protected":false},"author":2,"featured_media":23834,"comment_status":"open","ping_status":"open","sticky":false,"template":"","format":"standard","meta":{"_jetpack_memberships_contains_paid_content":false,"footnotes":""},"categories":[4],"tags":[],"class_list":["post-23833","post","type-post","status-publish","format-standard","has-post-thumbnail","hentry","category-alagoas"],"jetpack_featured_media_url":"https:\/\/www.oparanews.com.br\/wp-content\/uploads\/2022\/06\/WhatsApp-Image-2022-06-14-at-15.31.11.jpeg","jetpack_sharing_enabled":true,"_links":{"self":[{"href":"https:\/\/www.oparanews.com.br\/index.php\/wp-json\/wp\/v2\/posts\/23833","targetHints":{"allow":["GET"]}}],"collection":[{"href":"https:\/\/www.oparanews.com.br\/index.php\/wp-json\/wp\/v2\/posts"}],"about":[{"href":"https:\/\/www.oparanews.com.br\/index.php\/wp-json\/wp\/v2\/types\/post"}],"author":[{"embeddable":true,"href":"https:\/\/www.oparanews.com.br\/index.php\/wp-json\/wp\/v2\/users\/2"}],"replies":[{"embeddable":true,"href":"https:\/\/www.oparanews.com.br\/index.php\/wp-json\/wp\/v2\/comments?post=23833"}],"version-history":[{"count":1,"href":"https:\/\/www.oparanews.com.br\/index.php\/wp-json\/wp\/v2\/posts\/23833\/revisions"}],"predecessor-version":[{"id":23835,"href":"https:\/\/www.oparanews.com.br\/index.php\/wp-json\/wp\/v2\/posts\/23833\/revisions\/23835"}],"wp:featuredmedia":[{"embeddable":true,"href":"https:\/\/www.oparanews.com.br\/index.php\/wp-json\/wp\/v2\/media\/23834"}],"wp:attachment":[{"href":"https:\/\/www.oparanews.com.br\/index.php\/wp-json\/wp\/v2\/media?parent=23833"}],"wp:term":[{"taxonomy":"category","embeddable":true,"href":"https:\/\/www.oparanews.com.br\/index.php\/wp-json\/wp\/v2\/categories?post=23833"},{"taxonomy":"post_tag","embeddable":true,"href":"https:\/\/www.oparanews.com.br\/index.php\/wp-json\/wp\/v2\/tags?post=23833"}],"curies":[{"name":"wp","href":"https:\/\/api.w.org\/{rel}","templated":true}]}}