{"id":23836,"date":"2022-06-14T20:37:55","date_gmt":"2022-06-14T23:37:55","guid":{"rendered":"https:\/\/www.oparanews.com.br\/?p=23836"},"modified":"2022-06-14T20:37:55","modified_gmt":"2022-06-14T23:37:55","slug":"adolescente-e-apreendido-em-penedo-apos-ser-condenado-por-trafico","status":"publish","type":"post","link":"https:\/\/www.oparanews.com.br\/index.php\/2022\/06\/14\/adolescente-e-apreendido-em-penedo-apos-ser-condenado-por-trafico\/","title":{"rendered":"Adolescente \u00e9 apreendido em Penedo ap\u00f3s ser condenado por tr\u00e1fico"},"content":{"rendered":"<p>Agentes da 7\u00aa Delegacia Regional de Penedo (7\u00aa DRP), comandados pelo delegado R\u00f4mulo Andrade, apreenderam nesta segunda-feira (13) um adolescente, de 17 anos, suspeito de tr\u00e1fico de drogas.<\/p>\n<p>&nbsp;<\/p>\n<p>Em 2021, o adolescente j\u00e1 havia sido apreendido por envolvimento com esse mesmo tipo de crime.<\/p>\n<p>&nbsp;<\/p>\n<p>Investiga\u00e7\u00f5es apontaram que ele, novamente, se envolveu com o tr\u00e1fico e a 1\u00aa Vara Criminal de Penedo decretou sua apreens\u00e3o, ap\u00f3s conden\u00e1-lo a tr\u00eas anos de interna\u00e7\u00e3o provis\u00f3ria.<\/p>\n<p>&nbsp;<\/p>\n<p>Localizado em uma resid\u00eancia na rua Ulisses Batinga, no Centro da cidade, n\u00e3o esbo\u00e7ou rea\u00e7\u00e3o ao ser abordado e foi conduzido \u00e0 delegacia regional.<\/p>\n<p>&nbsp;<\/p>\n<p>O adolescente ser\u00e1 transferido ainda esta semana para a Unidade de Interna\u00e7\u00e3o Masculina (UIM), em Macei\u00f3, para cumprir a condena\u00e7\u00e3o.<\/p>\n<p>&nbsp;<\/p>\n<p>&nbsp;<\/p>\n<p><strong>Fonte: PC\/AL<\/strong><\/p>\n<p>&nbsp;<\/p>\n","protected":false},"excerpt":{"rendered":"<p>Agentes da 7\u00aa Delegacia Regional de Penedo (7\u00aa DRP), comandados pelo delegado R\u00f4mulo Andrade, apreenderam nesta segunda-feira (13) um adolescente, de 17 anos, suspeito de tr\u00e1fico de drogas. &nbsp; Em 2021, o adolescente j\u00e1 havia sido apreendido por envolvimento com esse mesmo tipo de crime. &nbsp; Investiga\u00e7\u00f5es apontaram que ele, novamente, se envolveu com o &hellip;<\/p>\n","protected":false},"author":2,"featured_media":23837,"comment_status":"open","ping_status":"open","sticky":false,"template":"","format":"standard","meta":{"_jetpack_memberships_contains_paid_content":false,"footnotes":""},"categories":[1,3],"tags":[],"class_list":["post-23836","post","type-post","status-publish","format-standard","has-post-thumbnail","hentry","category-destaque","category-penedo"],"jetpack_featured_media_url":"https:\/\/www.oparanews.com.br\/wp-content\/uploads\/2022\/06\/Adolescente-sera-levado-para-a-Unidade-de-Internacao-Masculina-em-Maceio.webp","jetpack_sharing_enabled":true,"_links":{"self":[{"href":"https:\/\/www.oparanews.com.br\/index.php\/wp-json\/wp\/v2\/posts\/23836","targetHints":{"allow":["GET"]}}],"collection":[{"href":"https:\/\/www.oparanews.com.br\/index.php\/wp-json\/wp\/v2\/posts"}],"about":[{"href":"https:\/\/www.oparanews.com.br\/index.php\/wp-json\/wp\/v2\/types\/post"}],"author":[{"embeddable":true,"href":"https:\/\/www.oparanews.com.br\/index.php\/wp-json\/wp\/v2\/users\/2"}],"replies":[{"embeddable":true,"href":"https:\/\/www.oparanews.com.br\/index.php\/wp-json\/wp\/v2\/comments?post=23836"}],"version-history":[{"count":1,"href":"https:\/\/www.oparanews.com.br\/index.php\/wp-json\/wp\/v2\/posts\/23836\/revisions"}],"predecessor-version":[{"id":23838,"href":"https:\/\/www.oparanews.com.br\/index.php\/wp-json\/wp\/v2\/posts\/23836\/revisions\/23838"}],"wp:featuredmedia":[{"embeddable":true,"href":"https:\/\/www.oparanews.com.br\/index.php\/wp-json\/wp\/v2\/media\/23837"}],"wp:attachment":[{"href":"https:\/\/www.oparanews.com.br\/index.php\/wp-json\/wp\/v2\/media?parent=23836"}],"wp:term":[{"taxonomy":"category","embeddable":true,"href":"https:\/\/www.oparanews.com.br\/index.php\/wp-json\/wp\/v2\/categories?post=23836"},{"taxonomy":"post_tag","embeddable":true,"href":"https:\/\/www.oparanews.com.br\/index.php\/wp-json\/wp\/v2\/tags?post=23836"}],"curies":[{"name":"wp","href":"https:\/\/api.w.org\/{rel}","templated":true}]}}