{"id":23854,"date":"2022-06-16T11:31:24","date_gmt":"2022-06-16T14:31:24","guid":{"rendered":"https:\/\/www.oparanews.com.br\/?p=23854"},"modified":"2022-06-16T11:31:24","modified_gmt":"2022-06-16T14:31:24","slug":"policia-recupera-26-notebooks-furtados-de-escola-em-sao-miguel-receptadores-presos","status":"publish","type":"post","link":"https:\/\/www.oparanews.com.br\/index.php\/2022\/06\/16\/policia-recupera-26-notebooks-furtados-de-escola-em-sao-miguel-receptadores-presos\/","title":{"rendered":"Pol\u00edcia recupera 26 notebooks furtados de escola em S\u00e3o Miguel; receptadores presos"},"content":{"rendered":"<p>Policiais civis da 6\u00aa Delegacia Regional de Pol\u00edcia (6\u00aa DRP), de S\u00e3o Miguel dos Campos, comandada pelo delegado Jo\u00e3o Marcello, prenderam um homem e recuperaram 26 notebooks furtados da Escola Municipal Professora Ana Neri Malheiro de Oliveira, identificando os furtadores e parte dos receptadores. A a\u00e7\u00e3o contou com apoio da vigil\u00e2ncia escolar municipal.<\/p>\n<p>&nbsp;<\/p>\n<p>O furto ocorreu em no \u00faltimo dia 07\/06, sendo praticado por dois adolescentes, que invadiram o col\u00e9gio e subtra\u00edram 41 aparelhos denominados \u201cChromeBooks\u201d, destinados ao aprendizado dos alunos da escola municipal.<\/p>\n<p>&nbsp;<\/p>\n<p>\u201cAo serem identificados e ouvidos, os menores infratores indicaram o local onde os \u201cChromeBooks\u201d estavam escondidos, bem como apontaram tr\u00eas pessoas para as quais venderam alguns aparelhos pela quantia de R$ 50,00 cada. Lembrando que cada aparelho \u00e9 avaliado em torno de R$ 1.800,00, disse o delegado Regional Jo\u00e3o Marcello.<\/p>\n<p>&nbsp;<\/p>\n<p>A autoridade policial disse ainda que dentre os receptadores, dois s\u00e3o maiores de idade, sendo um o pr\u00f3prio vigilante da escola onde ocorreram os furtos. \u201cE ele faltou ao trabalho no dia da subtra\u00e7\u00e3o dos aparelhos. O terceiro receptador \u00e9 menor de idade\u201d, frisou.<\/p>\n<p>&nbsp;<\/p>\n<p>Os menores infratores, que s\u00e3o os dois adolescentes que praticaram o ato infracional an\u00e1logo ao crime de furto, e o receptador que comprou um aparelho, foram entregues aos seus pais, em atendimento ao Estatuto da Crian\u00e7a e do Adolescente, tendo em vista os atos infracionais n\u00e3o constarem viol\u00eancia ou grave amea\u00e7a \u00e0 pessoa.<\/p>\n<p>&nbsp;<\/p>\n<p>J\u00e1 os dois maiores de idade foram presos em flagrante, na \u00faltima sexta-feira (10), pelo crime de recepta\u00e7\u00e3o, sendo postos em liberdade em audi\u00eancia de cust\u00f3dia no dia seguinte.<\/p>\n<p>&nbsp;<\/p>\n<p>O delegado Regional Jo\u00e3o Marcello Almeida destacou que: \u201cresta recuperar alguns Chromebooks, os aparelhos t\u00eam etiqueta da prefeitura municipal, e n\u00fameros de s\u00e9rie que ser\u00e3o rastreados pelo setor de intelig\u00eancia, ficando o alerta para os compradores, que caso entreguem os computadores na Delegacia Regional com a maior brevidade poss\u00edvel, ser\u00e1 presumida a boa-f\u00e9 e n\u00e3o ser\u00e1 lavrado nenhum procedimento, mas caso sejam encontrados com os aparelhos, ser\u00e3o autuados por recepta\u00e7\u00e3o\u201d, concluiu.<\/p>\n<p>&nbsp;<\/p>\n<p>&nbsp;<\/p>\n<p>&nbsp;<\/p>\n<p><strong>Fonte: Ascom PC\/AL<\/strong><\/p>\n<p>&nbsp;<\/p>\n","protected":false},"excerpt":{"rendered":"<p>Policiais civis da 6\u00aa Delegacia Regional de Pol\u00edcia (6\u00aa DRP), de S\u00e3o Miguel dos Campos, comandada pelo delegado Jo\u00e3o Marcello, prenderam um homem e recuperaram 26 notebooks furtados da Escola Municipal Professora Ana Neri Malheiro de Oliveira, identificando os furtadores e parte dos receptadores. A a\u00e7\u00e3o contou com apoio da vigil\u00e2ncia escolar municipal. &nbsp; O &hellip;<\/p>\n","protected":false},"author":2,"featured_media":23855,"comment_status":"open","ping_status":"open","sticky":false,"template":"","format":"standard","meta":{"_jetpack_memberships_contains_paid_content":false,"footnotes":""},"categories":[4],"tags":[],"class_list":["post-23854","post","type-post","status-publish","format-standard","has-post-thumbnail","hentry","category-alagoas"],"jetpack_featured_media_url":"https:\/\/www.oparanews.com.br\/wp-content\/uploads\/2022\/06\/computadores_recuperados_em_sao_miguel_dos_campos.thumbnail-730x487-1.jpg","jetpack_sharing_enabled":true,"_links":{"self":[{"href":"https:\/\/www.oparanews.com.br\/index.php\/wp-json\/wp\/v2\/posts\/23854","targetHints":{"allow":["GET"]}}],"collection":[{"href":"https:\/\/www.oparanews.com.br\/index.php\/wp-json\/wp\/v2\/posts"}],"about":[{"href":"https:\/\/www.oparanews.com.br\/index.php\/wp-json\/wp\/v2\/types\/post"}],"author":[{"embeddable":true,"href":"https:\/\/www.oparanews.com.br\/index.php\/wp-json\/wp\/v2\/users\/2"}],"replies":[{"embeddable":true,"href":"https:\/\/www.oparanews.com.br\/index.php\/wp-json\/wp\/v2\/comments?post=23854"}],"version-history":[{"count":1,"href":"https:\/\/www.oparanews.com.br\/index.php\/wp-json\/wp\/v2\/posts\/23854\/revisions"}],"predecessor-version":[{"id":23856,"href":"https:\/\/www.oparanews.com.br\/index.php\/wp-json\/wp\/v2\/posts\/23854\/revisions\/23856"}],"wp:featuredmedia":[{"embeddable":true,"href":"https:\/\/www.oparanews.com.br\/index.php\/wp-json\/wp\/v2\/media\/23855"}],"wp:attachment":[{"href":"https:\/\/www.oparanews.com.br\/index.php\/wp-json\/wp\/v2\/media?parent=23854"}],"wp:term":[{"taxonomy":"category","embeddable":true,"href":"https:\/\/www.oparanews.com.br\/index.php\/wp-json\/wp\/v2\/categories?post=23854"},{"taxonomy":"post_tag","embeddable":true,"href":"https:\/\/www.oparanews.com.br\/index.php\/wp-json\/wp\/v2\/tags?post=23854"}],"curies":[{"name":"wp","href":"https:\/\/api.w.org\/{rel}","templated":true}]}}