{"id":23857,"date":"2022-06-16T11:35:41","date_gmt":"2022-06-16T14:35:41","guid":{"rendered":"https:\/\/www.oparanews.com.br\/?p=23857"},"modified":"2022-06-16T11:35:41","modified_gmt":"2022-06-16T14:35:41","slug":"governo-de-alagoas-investe-em-melhoria-de-habitacoes-em-coruripe","status":"publish","type":"post","link":"https:\/\/www.oparanews.com.br\/index.php\/2022\/06\/16\/governo-de-alagoas-investe-em-melhoria-de-habitacoes-em-coruripe\/","title":{"rendered":"Governo de Alagoas investe em melhoria de habita\u00e7\u00f5es em Coruripe"},"content":{"rendered":"<p>O munic\u00edpio de Coruripe vai ganhar uma UPA tipo III, que vai ampliar a assist\u00eancia de sa\u00fade aos moradores do munic\u00edpio e regi\u00f5es vizinhas. O governador Paulo Dantas assinou a ordem de servi\u00e7o para a constru\u00e7\u00e3o da UPA, na tarde desta quarta-feira (15), que deve ficar pronta em quatro meses.<\/p>\n<p>&nbsp;<\/p>\n<p>A nova unidade de sa\u00fade de Coruripe ter\u00e1 capacidade de atender por m\u00eas 10.500 usu\u00e1rios, com uma m\u00e9dia di\u00e1ria 350 pessoas. A constru\u00e7\u00e3o da UPA tipo III, ter\u00e1 investimentos na ordem de R$ 9.294.864,37, do pr\u00f3prio governo estadual.<\/p>\n<p>&nbsp;<\/p>\n<p>&#8220;A constru\u00e7\u00e3o dessa UPA \u00e9 importante n\u00e3o s\u00f3 para o munic\u00edpio, mas para o atendimento de pacientes de munic\u00edpios vizinhos&#8221;, exaltou o prefeito de Coruripe, Marcelo Beltr\u00e3o, que destacou tamb\u00e9m a import\u00e2ncia das obras de melhoria das habita\u00e7\u00f5es, principalmente depois das fortes chuvas que deixaram desabrigados e desalojados do munic\u00edpio.<\/p>\n<p>&nbsp;<\/p>\n<p>Para melhorias de casas no munic\u00edpio, ser\u00e3o investidos de mais de $ 4 milh\u00f5es com recursos oriundos do Tesouro Estadual. De acordo com a secret\u00e1ria de estado da Infraestrutura, Maria Gevan, a reforma de cada casa custa em torno de R$ 10 mil, abrangendo obras de constru\u00e7\u00e3o de banheiros, cobertura de teto, coloca\u00e7\u00e3o de acess\u00f3rios de portas e outras melhorias. &#8220;S\u00e3o fam\u00edlias que vivem em condi\u00e7\u00f5es insalubres, que muitas vezes n\u00e3o tem banheiros ou coberturas em suas casas&#8221;, explicou a secret\u00e1ria de Infraestrutura.<\/p>\n<p>&nbsp;<\/p>\n<p>Maria Gevan afirmou que o programa \u00e9 aberto a todos os munic\u00edpios que tiver interesse. \u201cCabe aos munic\u00edpios apresentarem o relat\u00f3rio social de quantas fam\u00edlias precisam ser atendidas e fazer a fiscaliza\u00e7\u00e3o da execu\u00e7\u00e3o das obras. \u00c9 um programa fundamental para trazer dignidade \u00e0s fam\u00edlias que vivem em casas em situa\u00e7\u00e3o insalubres, principalmente nesse per\u00edodo de intensas chuvas&#8221;, ressaltou Maria Gevan.<\/p>\n<p>&nbsp;<\/p>\n<p><strong>PR\u00d3-ESTRADA<\/strong><\/p>\n<p>&nbsp;<\/p>\n<p>O governador anunciou tamb\u00e9m o repasse de recursos de R$ 1 milh\u00e3o para pavimenta\u00e7\u00e3o e drenagem de diversas ruas nos bairros Alto do Cruzeiro, Barreiras e Barro Preto I.<\/p>\n<p>&nbsp;<\/p>\n<p>Foi feita ainda entrega de equipamentos que v\u00e3o auxiliar na limpeza da cidade, do Programa Fortalece Alagoas, da Secretaria de Estado de Planejamento, Gest\u00e3o e Patrim\u00f4nio (Seplag). &#8220;\u00c9 o Governo de Alagoas trabalhando para todos os munic\u00edpios&#8221;, afirmou Paulo Dantas.<\/p>\n<p>&nbsp;<\/p>\n<p>O governador fez um balan\u00e7o positivo de seus 30 dias de governo, que passou pelo desafio de atender todos os munic\u00edpios afetados por enchentes. &#8220;Garantimos o aux\u00edlio-chuva, cuja primeira parcela come\u00e7ou a ser paga no dia 13 de junho&#8221;.<\/p>\n<p>&nbsp;<\/p>\n<p>Apesar das fortes chuvas que atingiram Coruripe, o governo do Estado dar\u00e1 apoio para realiza\u00e7\u00e3o das festas juninas, que foram canceladas em junho, como forma de gerar emprego e renda.<\/p>\n<p>&nbsp;<\/p>\n<p>&nbsp;<\/p>\n<p><strong>por F\u00e1bia Assupm\u00e7\u00e3o \/ Ag\u00eancia Alagoas<\/strong><\/p>\n<p>&nbsp;<\/p>\n","protected":false},"excerpt":{"rendered":"<p>O munic\u00edpio de Coruripe vai ganhar uma UPA tipo III, que vai ampliar a assist\u00eancia de sa\u00fade aos moradores do munic\u00edpio e regi\u00f5es vizinhas. O governador Paulo Dantas assinou a ordem de servi\u00e7o para a constru\u00e7\u00e3o da UPA, na tarde desta quarta-feira (15), que deve ficar pronta em quatro meses. &nbsp; A nova unidade de &hellip;<\/p>\n","protected":false},"author":2,"featured_media":23858,"comment_status":"open","ping_status":"open","sticky":false,"template":"","format":"standard","meta":{"_jetpack_memberships_contains_paid_content":false,"footnotes":""},"categories":[4,1],"tags":[],"class_list":["post-23857","post","type-post","status-publish","format-standard","has-post-thumbnail","hentry","category-alagoas","category-destaque"],"jetpack_featured_media_url":"https:\/\/www.oparanews.com.br\/wp-content\/uploads\/2022\/06\/governo-de-alagoas-investe-em-melhoria-de-habitacoes-em-coruripe-scaled.jpg","jetpack_sharing_enabled":true,"_links":{"self":[{"href":"https:\/\/www.oparanews.com.br\/index.php\/wp-json\/wp\/v2\/posts\/23857","targetHints":{"allow":["GET"]}}],"collection":[{"href":"https:\/\/www.oparanews.com.br\/index.php\/wp-json\/wp\/v2\/posts"}],"about":[{"href":"https:\/\/www.oparanews.com.br\/index.php\/wp-json\/wp\/v2\/types\/post"}],"author":[{"embeddable":true,"href":"https:\/\/www.oparanews.com.br\/index.php\/wp-json\/wp\/v2\/users\/2"}],"replies":[{"embeddable":true,"href":"https:\/\/www.oparanews.com.br\/index.php\/wp-json\/wp\/v2\/comments?post=23857"}],"version-history":[{"count":1,"href":"https:\/\/www.oparanews.com.br\/index.php\/wp-json\/wp\/v2\/posts\/23857\/revisions"}],"predecessor-version":[{"id":23859,"href":"https:\/\/www.oparanews.com.br\/index.php\/wp-json\/wp\/v2\/posts\/23857\/revisions\/23859"}],"wp:featuredmedia":[{"embeddable":true,"href":"https:\/\/www.oparanews.com.br\/index.php\/wp-json\/wp\/v2\/media\/23858"}],"wp:attachment":[{"href":"https:\/\/www.oparanews.com.br\/index.php\/wp-json\/wp\/v2\/media?parent=23857"}],"wp:term":[{"taxonomy":"category","embeddable":true,"href":"https:\/\/www.oparanews.com.br\/index.php\/wp-json\/wp\/v2\/categories?post=23857"},{"taxonomy":"post_tag","embeddable":true,"href":"https:\/\/www.oparanews.com.br\/index.php\/wp-json\/wp\/v2\/tags?post=23857"}],"curies":[{"name":"wp","href":"https:\/\/api.w.org\/{rel}","templated":true}]}}