{"id":23872,"date":"2022-06-16T21:56:39","date_gmt":"2022-06-17T00:56:39","guid":{"rendered":"https:\/\/www.oparanews.com.br\/?p=23872"},"modified":"2022-06-16T21:56:39","modified_gmt":"2022-06-17T00:56:39","slug":"prefeitura-de-penedo-atualiza-panorama-de-acoes-relacionadas-aos-impactos-das-chuvas","status":"publish","type":"post","link":"https:\/\/www.oparanews.com.br\/index.php\/2022\/06\/16\/prefeitura-de-penedo-atualiza-panorama-de-acoes-relacionadas-aos-impactos-das-chuvas\/","title":{"rendered":"Prefeitura de Penedo atualiza panorama de a\u00e7\u00f5es relacionadas aos impactos das chuvas"},"content":{"rendered":"<p>Os impactos do maior temporal registrado em Penedo desde o in\u00edcio do monitoramento pluviom\u00e9trico no munic\u00edpio, em 1935, est\u00e3o sendo amenizados da melhor forma poss\u00edvel.<\/p>\n<p>&nbsp;<\/p>\n<p>Os danos causados em ruas, estradas, pontes e rede pluvial est\u00e3o sendo corrigidos, trabalho desenvolvido pela Prefeitura de Penedo com apoio do Governo de Alagoas.<\/p>\n<p>&nbsp;<\/p>\n<p>Por meio da Secretaria Municipal de Servi\u00e7os P\u00fablicos, equipes realizam reparos na pavimenta\u00e7\u00e3o, em estradas vicinais e pontes localizadas na zona rural, trabalho que avan\u00e7a com o apoio do Governador Paulo Dantas.<\/p>\n<p>&nbsp;<\/p>\n<p>Em rela\u00e7\u00e3o aos desabrigados e desalojados, a assist\u00eancia da Secretaria Municipal de Desenvolvimento Social e Habita\u00e7\u00e3o atende atualmente 123 fam\u00edlias desabrigadas e na situa\u00e7\u00e3o de desalojadas est\u00e3o 1.543 fam\u00edlias.<\/p>\n<p>&nbsp;<\/p>\n<p>Al\u00e9m das a\u00e7\u00f5es emergenciais e dos servi\u00e7os na infraestrutura, as pessoas afetadas pelas chuvas em Penedo continuam recebendo ajuda humanit\u00e1ria, assist\u00eancia m\u00e9dica e acolhimento nas escolas que funcionam como abrigo.<\/p>\n<p>&nbsp;<\/p>\n<p>A Prefeitura de Penedo mant\u00e9m ainda uma central de doa\u00e7\u00f5es no pr\u00e9dio da antiga Unidade Sesi\/Senai, e recebendo a primeira parcela do Aux\u00edlio Chuvas do governo estadual.<\/p>\n<p>&nbsp;<\/p>\n<p>&nbsp;<\/p>\n<p>&nbsp;<\/p>\n<p><strong>Fonte: Secom PMP<\/strong><\/p>\n<p>&nbsp;<\/p>\n","protected":false},"excerpt":{"rendered":"<p>Os impactos do maior temporal registrado em Penedo desde o in\u00edcio do monitoramento pluviom\u00e9trico no munic\u00edpio, em 1935, est\u00e3o sendo amenizados da melhor forma poss\u00edvel. &nbsp; Os danos causados em ruas, estradas, pontes e rede pluvial est\u00e3o sendo corrigidos, trabalho desenvolvido pela Prefeitura de Penedo com apoio do Governo de Alagoas. &nbsp; Por meio da &hellip;<\/p>\n","protected":false},"author":2,"featured_media":23873,"comment_status":"open","ping_status":"open","sticky":false,"template":"","format":"standard","meta":{"_jetpack_memberships_contains_paid_content":false,"footnotes":""},"categories":[1,3],"tags":[],"class_list":["post-23872","post","type-post","status-publish","format-standard","has-post-thumbnail","hentry","category-destaque","category-penedo"],"jetpack_featured_media_url":"https:\/\/www.oparanews.com.br\/wp-content\/uploads\/2022\/06\/impacto-chuvas-penedo.jpeg","jetpack_sharing_enabled":true,"_links":{"self":[{"href":"https:\/\/www.oparanews.com.br\/index.php\/wp-json\/wp\/v2\/posts\/23872","targetHints":{"allow":["GET"]}}],"collection":[{"href":"https:\/\/www.oparanews.com.br\/index.php\/wp-json\/wp\/v2\/posts"}],"about":[{"href":"https:\/\/www.oparanews.com.br\/index.php\/wp-json\/wp\/v2\/types\/post"}],"author":[{"embeddable":true,"href":"https:\/\/www.oparanews.com.br\/index.php\/wp-json\/wp\/v2\/users\/2"}],"replies":[{"embeddable":true,"href":"https:\/\/www.oparanews.com.br\/index.php\/wp-json\/wp\/v2\/comments?post=23872"}],"version-history":[{"count":1,"href":"https:\/\/www.oparanews.com.br\/index.php\/wp-json\/wp\/v2\/posts\/23872\/revisions"}],"predecessor-version":[{"id":23874,"href":"https:\/\/www.oparanews.com.br\/index.php\/wp-json\/wp\/v2\/posts\/23872\/revisions\/23874"}],"wp:featuredmedia":[{"embeddable":true,"href":"https:\/\/www.oparanews.com.br\/index.php\/wp-json\/wp\/v2\/media\/23873"}],"wp:attachment":[{"href":"https:\/\/www.oparanews.com.br\/index.php\/wp-json\/wp\/v2\/media?parent=23872"}],"wp:term":[{"taxonomy":"category","embeddable":true,"href":"https:\/\/www.oparanews.com.br\/index.php\/wp-json\/wp\/v2\/categories?post=23872"},{"taxonomy":"post_tag","embeddable":true,"href":"https:\/\/www.oparanews.com.br\/index.php\/wp-json\/wp\/v2\/tags?post=23872"}],"curies":[{"name":"wp","href":"https:\/\/api.w.org\/{rel}","templated":true}]}}