{"id":23880,"date":"2022-06-17T17:00:42","date_gmt":"2022-06-17T20:00:42","guid":{"rendered":"https:\/\/www.oparanews.com.br\/?p=23880"},"modified":"2022-06-17T17:00:42","modified_gmt":"2022-06-17T20:00:42","slug":"prefeitura-de-penedo-e-industria-de-pescado-fecham-contrato-sobre-uso-da-ubp","status":"publish","type":"post","link":"https:\/\/www.oparanews.com.br\/index.php\/2022\/06\/17\/prefeitura-de-penedo-e-industria-de-pescado-fecham-contrato-sobre-uso-da-ubp\/","title":{"rendered":"Prefeitura de Penedo e ind\u00fastria de pescado fecham contrato sobre uso da UBP"},"content":{"rendered":"<p>Quando Ronaldo Lopes assumiu a administra\u00e7\u00e3o da Prefeitura de Penedo, com a miss\u00e3o priorit\u00e1ria de ampliar a gera\u00e7\u00e3o de emprego e renda no munic\u00edpio, o funcionamento da Unidade de Beneficiamento de Pescado (UBP) constava no plano de trabalho.<\/p>\n<p>&nbsp;<\/p>\n<p>A estrutura inutilizada situada na comunidade Cooperativa 1\u00ba N\u00facleo foi constru\u00edda pela Codevasf e estava pronta desde meados de 2007, mas nunca entrou em atividade.<\/p>\n<p>&nbsp;<\/p>\n<p>O projeto da estatal federal que ofertava mais duas UBPs na regi\u00e3o do Baixo S\u00e3o Francisco, uma no munic\u00edpio de Telha-SE e a outra em P\u00e3o de A\u00e7\u00facar-AL, n\u00e3o despertou o interesse da iniciativa privada, conforme se imaginou.<\/p>\n<p>&nbsp;<\/p>\n<p>Sem a pe\u00e7a fundamental para alavancar a produ\u00e7\u00e3o e a comercializa\u00e7\u00e3o de pescado na cidade ribeirinha e nos munic\u00edpios vizinhos, a atividade fica limitada.<\/p>\n<p>&nbsp;<\/p>\n<p>Era preciso ativar a UBP e o primeiro passo foi solicitar a sua cess\u00e3o, pedido encaminhado \u00e0 Codevasf logo no in\u00edcio da gest\u00e3o Penedo Crescendo Com Seu Povo.<\/p>\n<p>&nbsp;<\/p>\n<p>O primeiro ano do governo Ronaldo Lopes \u00e9 conclu\u00eddo sem defini\u00e7\u00e3o sobre a UBP, apesar dos esfor\u00e7os da gest\u00e3o e do apoio da C\u00e2mara de Vereadores de Penedo.<\/p>\n<p>&nbsp;<\/p>\n<p>Era o que faltava para retomar o di\u00e1logo com a iniciativa privada, entendimento coroado na tarde de quarta-feira, 15) com a assinatura do termo de cess\u00e3o de uso da UBP entre o Prefeito Ronaldo Lopes e Dimitrius Cardoso de Carvalho, s\u00f3cio-fundador da Aquapremium.<\/p>\n<p>&nbsp;<\/p>\n<p>Com os incentivos previstos no Programa de Desenvolvimento lntegrado do Munic\u00edpio de Penedo \u2013 PRODESINP, a empresa est\u00e1 autorizada a desenvolver suas atividades por 30 anos na UBP que ser\u00e1 recuperada e adequada com recursos da Aquapremiun.<\/p>\n<p>&nbsp;<\/p>\n<p>\u201cN\u00f3s chegamos aqui para ficar e assim que estivermos com todas as licen\u00e7as e autoriza\u00e7\u00f5es para funcionar, acredito em 90 dias j\u00e1 estaremos produzindo\u201d, informou o engenheiro de pesca Dimitrius Carvalho durante a assinatura do ato, destacando a atua\u00e7\u00e3o do governo Ronaldo Lopes em todo o processo, algo \u2018raro\u2019 de se encontrar, conforme frisou.<\/p>\n<p>&nbsp;<\/p>\n<p>Al\u00e9m de viabilizar a parceria e dotar a comunidade Cooperativa 1\u00ba N\u00facleo de pavimenta\u00e7\u00e3o e drenagem, investimento paralelo ao funcionamento da UBP, Ronaldo Lopes assegurou a continuidade da assist\u00eancia aos produtores de peixe por meio da Semada e da cess\u00e3o de m\u00e1quinas para escavar tanques.<\/p>\n<p>&nbsp;<\/p>\n<p>A reuni\u00e3o que oficializou um novo avan\u00e7o para de Penedo, especialmente na zona rural, foi acompanhado pelos Secret\u00e1rios Municipais Pedro Soares (Desenvolvimento Econ\u00f4mico, Com\u00e9rcio e Ind\u00fastria) e Manoel Messias Lima (Abastecimento e Desenvolvimento Agr\u00edcola), vereadores Derivan Thomaz e Irm\u00e3o Jo\u00e3o, equipe t\u00e9cnica da Semada, piscicultores e representantes da Col\u00f4nia de Pescadores de Penedo.<\/p>\n<p>&nbsp;<\/p>\n<p>&nbsp;<\/p>\n<p>&nbsp;<\/p>\n<p><strong>por Fernando Vin\u00edcius \u2013 Secom<\/strong><\/p>\n<p>&nbsp;<\/p>\n","protected":false},"excerpt":{"rendered":"<p>Quando Ronaldo Lopes assumiu a administra\u00e7\u00e3o da Prefeitura de Penedo, com a miss\u00e3o priorit\u00e1ria de ampliar a gera\u00e7\u00e3o de emprego e renda no munic\u00edpio, o funcionamento da Unidade de Beneficiamento de Pescado (UBP) constava no plano de trabalho. &nbsp; A estrutura inutilizada situada na comunidade Cooperativa 1\u00ba N\u00facleo foi constru\u00edda pela Codevasf e estava pronta &hellip;<\/p>\n","protected":false},"author":2,"featured_media":23881,"comment_status":"open","ping_status":"open","sticky":false,"template":"","format":"standard","meta":{"_jetpack_memberships_contains_paid_content":false,"footnotes":""},"categories":[1,3],"tags":[],"class_list":["post-23880","post","type-post","status-publish","format-standard","has-post-thumbnail","hentry","category-destaque","category-penedo"],"jetpack_featured_media_url":"https:\/\/www.oparanews.com.br\/wp-content\/uploads\/2022\/06\/penedo-aquapremium-ubp-foto-deywisson-duarte-6.jpeg","jetpack_sharing_enabled":true,"_links":{"self":[{"href":"https:\/\/www.oparanews.com.br\/index.php\/wp-json\/wp\/v2\/posts\/23880","targetHints":{"allow":["GET"]}}],"collection":[{"href":"https:\/\/www.oparanews.com.br\/index.php\/wp-json\/wp\/v2\/posts"}],"about":[{"href":"https:\/\/www.oparanews.com.br\/index.php\/wp-json\/wp\/v2\/types\/post"}],"author":[{"embeddable":true,"href":"https:\/\/www.oparanews.com.br\/index.php\/wp-json\/wp\/v2\/users\/2"}],"replies":[{"embeddable":true,"href":"https:\/\/www.oparanews.com.br\/index.php\/wp-json\/wp\/v2\/comments?post=23880"}],"version-history":[{"count":1,"href":"https:\/\/www.oparanews.com.br\/index.php\/wp-json\/wp\/v2\/posts\/23880\/revisions"}],"predecessor-version":[{"id":23882,"href":"https:\/\/www.oparanews.com.br\/index.php\/wp-json\/wp\/v2\/posts\/23880\/revisions\/23882"}],"wp:featuredmedia":[{"embeddable":true,"href":"https:\/\/www.oparanews.com.br\/index.php\/wp-json\/wp\/v2\/media\/23881"}],"wp:attachment":[{"href":"https:\/\/www.oparanews.com.br\/index.php\/wp-json\/wp\/v2\/media?parent=23880"}],"wp:term":[{"taxonomy":"category","embeddable":true,"href":"https:\/\/www.oparanews.com.br\/index.php\/wp-json\/wp\/v2\/categories?post=23880"},{"taxonomy":"post_tag","embeddable":true,"href":"https:\/\/www.oparanews.com.br\/index.php\/wp-json\/wp\/v2\/tags?post=23880"}],"curies":[{"name":"wp","href":"https:\/\/api.w.org\/{rel}","templated":true}]}}