{"id":23886,"date":"2022-06-18T08:53:56","date_gmt":"2022-06-18T11:53:56","guid":{"rendered":"https:\/\/www.oparanews.com.br\/?p=23886"},"modified":"2022-06-18T08:53:56","modified_gmt":"2022-06-18T11:53:56","slug":"vereador-rodrigo-regueira-pede-acao-contra-o-transporte-clandestino-de-taxis-e-vans-de-piacabucu-em-penedo","status":"publish","type":"post","link":"https:\/\/www.oparanews.com.br\/index.php\/2022\/06\/18\/vereador-rodrigo-regueira-pede-acao-contra-o-transporte-clandestino-de-taxis-e-vans-de-piacabucu-em-penedo\/","title":{"rendered":"Vereador Rodrigo Regueira pede a\u00e7\u00e3o contra o transporte clandestino de t\u00e1xis e vans de Pia\u00e7abu\u00e7u em Penedo"},"content":{"rendered":"<p>O Vereador Rodrigo Regueira chama a aten\u00e7\u00e3o do poder p\u00fablico municipal sobre a \u201cinvas\u00e3o\u201d de ve\u00edculos de Pia\u00e7abu\u00e7u atuando de forma irregular no transporte de passageiros em Penedo.<\/p>\n<p>&nbsp;<\/p>\n<p>A atua\u00e7\u00e3o relatada por permission\u00e1rios do setor ao parlamentar consta inclusive com registro de imagens anexadas ao requerimento que formalizou durante a sess\u00e3o realizada na tarde quarta-feira, 15.<\/p>\n<p>&nbsp;<\/p>\n<p>No documento, Rodrigo Regueira solicita reuni\u00e3o com o poder p\u00fablico municipal e representantes penedenses de taxistas e do transporte alternativo regulamentar para solucionar o problema.<\/p>\n<p>&nbsp;<\/p>\n<p>O impacto da infla\u00e7\u00e3o e dos constantes aumentos no pre\u00e7o dos combust\u00edveis j\u00e1 prejudica donos de t\u00e1xis e das vans que sofrem a concorr\u00eancia desleal e irregular de motoristas de Pia\u00e7abu\u00e7u, segundo relato do parlamentar na tribuna.<\/p>\n<p>&nbsp;<\/p>\n<p>Rodrigo Regueira recebeu informa\u00e7\u00f5es que apontam para abordagens dos \u2018piratas\u2019 aos passageiros tanto no com\u00e9rcio da cidade quanto na rodovi\u00e1ria, inclusive nas plataformas \u2013 situa\u00e7\u00e3o que j\u00e1 causou discuss\u00f5es \u2013 e at\u00e9 mesmo pegando usu\u00e1rios do transporte coletivo nos pontos de \u00f4nibus.<\/p>\n<p>&nbsp;<\/p>\n<p>&nbsp;<\/p>\n<p>&nbsp;<\/p>\n<p><strong>Fonte: Ascom PMP<\/strong><\/p>\n<p>&nbsp;<\/p>\n","protected":false},"excerpt":{"rendered":"<p>O Vereador Rodrigo Regueira chama a aten\u00e7\u00e3o do poder p\u00fablico municipal sobre a \u201cinvas\u00e3o\u201d de ve\u00edculos de Pia\u00e7abu\u00e7u atuando de forma irregular no transporte de passageiros em Penedo. &nbsp; A atua\u00e7\u00e3o relatada por permission\u00e1rios do setor ao parlamentar consta inclusive com registro de imagens anexadas ao requerimento que formalizou durante a sess\u00e3o realizada na tarde &hellip;<\/p>\n","protected":false},"author":2,"featured_media":23887,"comment_status":"open","ping_status":"open","sticky":false,"template":"","format":"standard","meta":{"_jetpack_memberships_contains_paid_content":false,"footnotes":""},"categories":[1,3],"tags":[],"class_list":["post-23886","post","type-post","status-publish","format-standard","has-post-thumbnail","hentry","category-destaque","category-penedo"],"jetpack_featured_media_url":"https:\/\/www.oparanews.com.br\/wp-content\/uploads\/2022\/06\/sessao_2021_-99-scaled-e1655494706321.jpg","jetpack_sharing_enabled":true,"_links":{"self":[{"href":"https:\/\/www.oparanews.com.br\/index.php\/wp-json\/wp\/v2\/posts\/23886","targetHints":{"allow":["GET"]}}],"collection":[{"href":"https:\/\/www.oparanews.com.br\/index.php\/wp-json\/wp\/v2\/posts"}],"about":[{"href":"https:\/\/www.oparanews.com.br\/index.php\/wp-json\/wp\/v2\/types\/post"}],"author":[{"embeddable":true,"href":"https:\/\/www.oparanews.com.br\/index.php\/wp-json\/wp\/v2\/users\/2"}],"replies":[{"embeddable":true,"href":"https:\/\/www.oparanews.com.br\/index.php\/wp-json\/wp\/v2\/comments?post=23886"}],"version-history":[{"count":1,"href":"https:\/\/www.oparanews.com.br\/index.php\/wp-json\/wp\/v2\/posts\/23886\/revisions"}],"predecessor-version":[{"id":23888,"href":"https:\/\/www.oparanews.com.br\/index.php\/wp-json\/wp\/v2\/posts\/23886\/revisions\/23888"}],"wp:featuredmedia":[{"embeddable":true,"href":"https:\/\/www.oparanews.com.br\/index.php\/wp-json\/wp\/v2\/media\/23887"}],"wp:attachment":[{"href":"https:\/\/www.oparanews.com.br\/index.php\/wp-json\/wp\/v2\/media?parent=23886"}],"wp:term":[{"taxonomy":"category","embeddable":true,"href":"https:\/\/www.oparanews.com.br\/index.php\/wp-json\/wp\/v2\/categories?post=23886"},{"taxonomy":"post_tag","embeddable":true,"href":"https:\/\/www.oparanews.com.br\/index.php\/wp-json\/wp\/v2\/tags?post=23886"}],"curies":[{"name":"wp","href":"https:\/\/api.w.org\/{rel}","templated":true}]}}