{"id":23889,"date":"2022-06-18T08:55:16","date_gmt":"2022-06-18T11:55:16","guid":{"rendered":"https:\/\/www.oparanews.com.br\/?p=23889"},"modified":"2022-06-18T08:55:16","modified_gmt":"2022-06-18T11:55:16","slug":"vereador-bili-marques-requer-reforma-da-praca-e-de-ruas-do-conjunto-marisa-leticia","status":"publish","type":"post","link":"https:\/\/www.oparanews.com.br\/index.php\/2022\/06\/18\/vereador-bili-marques-requer-reforma-da-praca-e-de-ruas-do-conjunto-marisa-leticia\/","title":{"rendered":"Vereador Bili Marques requer reforma da Pra\u00e7a e de ruas do Conjunto Marisa Let\u00edcia"},"content":{"rendered":"<p>O Vereador Bili Marques apresentou requerimento ao poder p\u00fablico municipal durante a sess\u00e3o realizada na tarde de quarta-feira, 15, atendendo pedido de lideran\u00e7as do Conjunto Residencial Marisa Let\u00edcia.<\/p>\n<p>&nbsp;<\/p>\n<p>Moradores do local o procuraram para que apresentasse a reivindica\u00e7\u00e3o j\u00e1 apresentada por eles sobre pedido para reforma da pra\u00e7a e do cal\u00e7amento das ruas situadas no entorno do referido logradouro p\u00fablico.<\/p>\n<p>&nbsp;<\/p>\n<p>&nbsp;<\/p>\n<p><strong>Fonte: Ascom PMP<\/strong><\/p>\n<p>&nbsp;<\/p>\n","protected":false},"excerpt":{"rendered":"<p>O Vereador Bili Marques apresentou requerimento ao poder p\u00fablico municipal durante a sess\u00e3o realizada na tarde de quarta-feira, 15, atendendo pedido de lideran\u00e7as do Conjunto Residencial Marisa Let\u00edcia. &nbsp; Moradores do local o procuraram para que apresentasse a reivindica\u00e7\u00e3o j\u00e1 apresentada por eles sobre pedido para reforma da pra\u00e7a e do cal\u00e7amento das ruas situadas &hellip;<\/p>\n","protected":false},"author":2,"featured_media":23802,"comment_status":"open","ping_status":"open","sticky":false,"template":"","format":"standard","meta":{"_jetpack_memberships_contains_paid_content":false,"footnotes":""},"categories":[1,3],"tags":[],"class_list":["post-23889","post","type-post","status-publish","format-standard","has-post-thumbnail","hentry","category-destaque","category-penedo"],"jetpack_featured_media_url":"https:\/\/www.oparanews.com.br\/wp-content\/uploads\/2022\/06\/Sem-titulo-1.png","jetpack_sharing_enabled":true,"_links":{"self":[{"href":"https:\/\/www.oparanews.com.br\/index.php\/wp-json\/wp\/v2\/posts\/23889","targetHints":{"allow":["GET"]}}],"collection":[{"href":"https:\/\/www.oparanews.com.br\/index.php\/wp-json\/wp\/v2\/posts"}],"about":[{"href":"https:\/\/www.oparanews.com.br\/index.php\/wp-json\/wp\/v2\/types\/post"}],"author":[{"embeddable":true,"href":"https:\/\/www.oparanews.com.br\/index.php\/wp-json\/wp\/v2\/users\/2"}],"replies":[{"embeddable":true,"href":"https:\/\/www.oparanews.com.br\/index.php\/wp-json\/wp\/v2\/comments?post=23889"}],"version-history":[{"count":1,"href":"https:\/\/www.oparanews.com.br\/index.php\/wp-json\/wp\/v2\/posts\/23889\/revisions"}],"predecessor-version":[{"id":23890,"href":"https:\/\/www.oparanews.com.br\/index.php\/wp-json\/wp\/v2\/posts\/23889\/revisions\/23890"}],"wp:featuredmedia":[{"embeddable":true,"href":"https:\/\/www.oparanews.com.br\/index.php\/wp-json\/wp\/v2\/media\/23802"}],"wp:attachment":[{"href":"https:\/\/www.oparanews.com.br\/index.php\/wp-json\/wp\/v2\/media?parent=23889"}],"wp:term":[{"taxonomy":"category","embeddable":true,"href":"https:\/\/www.oparanews.com.br\/index.php\/wp-json\/wp\/v2\/categories?post=23889"},{"taxonomy":"post_tag","embeddable":true,"href":"https:\/\/www.oparanews.com.br\/index.php\/wp-json\/wp\/v2\/tags?post=23889"}],"curies":[{"name":"wp","href":"https:\/\/api.w.org\/{rel}","templated":true}]}}