{"id":23921,"date":"2022-06-21T16:11:02","date_gmt":"2022-06-21T19:11:02","guid":{"rendered":"https:\/\/www.oparanews.com.br\/?p=23921"},"modified":"2022-06-21T16:11:02","modified_gmt":"2022-06-21T19:11:02","slug":"edicao-2022-do-festival-de-musica-de-penedo-abre-espaco-para-trabalho-autoral","status":"publish","type":"post","link":"https:\/\/www.oparanews.com.br\/index.php\/2022\/06\/21\/edicao-2022-do-festival-de-musica-de-penedo-abre-espaco-para-trabalho-autoral\/","title":{"rendered":"Edi\u00e7\u00e3o 2022 do Festival de M\u00fasica de Penedo abre espa\u00e7o para trabalho autoral"},"content":{"rendered":"<p>A edi\u00e7\u00e3o 2022 do Festival de M\u00fasica de Penedo tem novidades, come\u00e7ando por sua identidade visual e a inclus\u00e3o de trabalho autoral que prev\u00ea a sele\u00e7\u00e3o 40% das m\u00fasicas de artistas de Penedo.<\/p>\n<p>&nbsp;<\/p>\n<p>\u201c\u00c9 uma excelente oportunidade para nossos artistas mostrarem seu talento, com repert\u00f3rio pr\u00f3prio, criando letra e m\u00fasica que ser\u00e1 divulgada pelo YouTube, com apresenta\u00e7\u00e3o no palco do nosso antigo cinema S\u00e3o Francisco, reinaugurado com show de Elba Ramalho\u201d, frisa a Secret\u00e1ria Municipal de Cultura, Aliny Costa.<\/p>\n<p>&nbsp;<\/p>\n<p>A 1\u00aa Mostra de M\u00fasica Autoral do Velho Chico est\u00e1 agendada para 21 de outubro, no Centro de Conven\u00e7\u00f5es e Eventos Comendador Zeca Peixoto, com transmiss\u00e3o ao vivo no canal do YouTube do Festival de M\u00fasica de Penedo.<\/p>\n<p>&nbsp;<\/p>\n<p>A iniciativa que busca estimular e difundir a produ\u00e7\u00e3o musical autoral de v\u00e1rios g\u00eaneros incentiva a participa\u00e7\u00e3o de artistas penedenses maiores de 18 anos e com resid\u00eancia comprovada no munic\u00edpio h\u00e1, pelo menos, um ano completado at\u00e9 a data da inscri\u00e7\u00e3o.<\/p>\n<p>&nbsp;<\/p>\n<p>Vale lembrar que os compositores participantes receber\u00e3o cach\u00ea no valor de R$ 400,00 por m\u00fasica selecionada, podendo ser at\u00e9 duas por artista, informa a Universidade Federal de Alagoas (UFAL) na not\u00edcia divulgada nesta ter\u00e7a-feira, 21.<\/p>\n<p>&nbsp;<\/p>\n<p>As inscri\u00e7\u00f5es para a Mostra Autoral Velho Chico s\u00e3o gratuitas e estar\u00e3o abertas em breve, com prazo at\u00e9 as 23h59 do dia 29 de junho, clicando aqui, na aba inscri\u00e7\u00f5es.<\/p>\n<p>&nbsp;<\/p>\n<p>A semente do Festival de M\u00fasica de Penedo foi lan\u00e7ada em 2009, com a Jornada Pedag\u00f3gica para M\u00fasicos de Banda (JPMB), iniciativa que tornou-se projeto de extens\u00e3o coordenado por Marcos Moreira, professor do curso de licenciatura em M\u00fasica da Universidade Federal de Alagoas.<\/p>\n<p>&nbsp;<\/p>\n<p>O trabalho est\u00e1 consolidado e inclu\u00eddo no calend\u00e1rio cultural de Alagoas e de Penedo, sendo realizado por meio de parceria entre Ufal, Prefeitura de Penedo, Centro de Musicologia de Penedo (Cemupe), Sebrae e Secretaria de Estado da Cultura (Secult).<\/p>\n<p>&nbsp;<\/p>\n<p>&nbsp;<\/p>\n<p>&nbsp;<\/p>\n<p><strong>por Fernando Vin\u00edcius \u2013 Secom PMP<\/strong><\/p>\n<p>&nbsp;<\/p>\n","protected":false},"excerpt":{"rendered":"<p>A edi\u00e7\u00e3o 2022 do Festival de M\u00fasica de Penedo tem novidades, come\u00e7ando por sua identidade visual e a inclus\u00e3o de trabalho autoral que prev\u00ea a sele\u00e7\u00e3o 40% das m\u00fasicas de artistas de Penedo. &nbsp; \u201c\u00c9 uma excelente oportunidade para nossos artistas mostrarem seu talento, com repert\u00f3rio pr\u00f3prio, criando letra e m\u00fasica que ser\u00e1 divulgada pelo &hellip;<\/p>\n","protected":false},"author":2,"featured_media":23922,"comment_status":"open","ping_status":"open","sticky":false,"template":"","format":"standard","meta":{"_jetpack_memberships_contains_paid_content":false,"footnotes":""},"categories":[1,3],"tags":[],"class_list":["post-23921","post","type-post","status-publish","format-standard","has-post-thumbnail","hentry","category-destaque","category-penedo"],"jetpack_featured_media_url":"https:\/\/www.oparanews.com.br\/wp-content\/uploads\/2022\/06\/festival-musica-penedo.png","jetpack_sharing_enabled":true,"_links":{"self":[{"href":"https:\/\/www.oparanews.com.br\/index.php\/wp-json\/wp\/v2\/posts\/23921","targetHints":{"allow":["GET"]}}],"collection":[{"href":"https:\/\/www.oparanews.com.br\/index.php\/wp-json\/wp\/v2\/posts"}],"about":[{"href":"https:\/\/www.oparanews.com.br\/index.php\/wp-json\/wp\/v2\/types\/post"}],"author":[{"embeddable":true,"href":"https:\/\/www.oparanews.com.br\/index.php\/wp-json\/wp\/v2\/users\/2"}],"replies":[{"embeddable":true,"href":"https:\/\/www.oparanews.com.br\/index.php\/wp-json\/wp\/v2\/comments?post=23921"}],"version-history":[{"count":1,"href":"https:\/\/www.oparanews.com.br\/index.php\/wp-json\/wp\/v2\/posts\/23921\/revisions"}],"predecessor-version":[{"id":23923,"href":"https:\/\/www.oparanews.com.br\/index.php\/wp-json\/wp\/v2\/posts\/23921\/revisions\/23923"}],"wp:featuredmedia":[{"embeddable":true,"href":"https:\/\/www.oparanews.com.br\/index.php\/wp-json\/wp\/v2\/media\/23922"}],"wp:attachment":[{"href":"https:\/\/www.oparanews.com.br\/index.php\/wp-json\/wp\/v2\/media?parent=23921"}],"wp:term":[{"taxonomy":"category","embeddable":true,"href":"https:\/\/www.oparanews.com.br\/index.php\/wp-json\/wp\/v2\/categories?post=23921"},{"taxonomy":"post_tag","embeddable":true,"href":"https:\/\/www.oparanews.com.br\/index.php\/wp-json\/wp\/v2\/tags?post=23921"}],"curies":[{"name":"wp","href":"https:\/\/api.w.org\/{rel}","templated":true}]}}