{"id":23967,"date":"2022-06-25T11:22:02","date_gmt":"2022-06-25T14:22:02","guid":{"rendered":"https:\/\/www.oparanews.com.br\/?p=23967"},"modified":"2022-06-25T11:22:02","modified_gmt":"2022-06-25T14:22:02","slug":"secult-divulga-selecionados-para-o-v-festival-de-musica-em-cantos-de-alagoas","status":"publish","type":"post","link":"https:\/\/www.oparanews.com.br\/index.php\/2022\/06\/25\/secult-divulga-selecionados-para-o-v-festival-de-musica-em-cantos-de-alagoas\/","title":{"rendered":"Secult divulga selecionados para o V Festival de M\u00fasica Em Cantos de Alagoas"},"content":{"rendered":"<p>O Governo de Alagoas, por meio da Secretaria de Estado da Cultura (Secult), divulgou, no Di\u00e1rio Oficial de quinta-feira (23), o resultado final de sele\u00e7\u00e3o do V Festival de M\u00fasica Popular Alagoana Em Cantos de Alagoas. Ao todo, foram selecionadas 129 can\u00e7\u00f5es autorais e in\u00e9ditas. O resultado est\u00e1 dispon\u00edvel no link <a href=\"https:\/\/bit.ly\/3A0D38H\"><strong>https:\/\/bit.ly\/3A0D38H<\/strong><\/a>.<\/p>\n<p>&nbsp;<\/p>\n<p>O evento tem o objetivo de apresentar novos talentos da m\u00fasica alagoana e um panorama do que \u00e9 produzido de forma autoral em Alagoas. Ao todo, ser\u00e3o investidos R$ 35.100, nas categorias de classifica\u00e7\u00e3o t\u00e9cnica, premia\u00e7\u00e3o pelo voto do j\u00fari, e \u201cmelhor m\u00fasica\u201d, \u201cmelhor letra\u201d, \u201cmelhor int\u00e9rprete\u201d e \u201cmelhor arranjo\u201d, premia\u00e7\u00e3o pelo voto popular. As apresenta\u00e7\u00f5es est\u00e3o previstas para acontecer entre os dias 6 de agosto a 3 de setembro.<\/p>\n<p>&nbsp;<\/p>\n<p>Pela primeira vez, o Festival passar\u00e1 pelo interior, com a fase eliminat\u00f3ria em quatro regi\u00f5es alagoanas (Metropolitana, Agreste, Baixo S\u00e3o Francisco e Alto Sert\u00e3o), sendo selecionadas as cidades de Macei\u00f3, Pia\u00e7abu\u00e7u, Arapiraca e Uni\u00e3o dos Palmares. A grande final acontecer\u00e1 na capital.<\/p>\n<p>&nbsp;<\/p>\n<p>&nbsp;<\/p>\n<p>&nbsp;<\/p>\n<p><strong>por Daniel Borges \/ Ascom Secult<\/strong><\/p>\n<p>&nbsp;<\/p>\n","protected":false},"excerpt":{"rendered":"<p>O Governo de Alagoas, por meio da Secretaria de Estado da Cultura (Secult), divulgou, no Di\u00e1rio Oficial de quinta-feira (23), o resultado final de sele\u00e7\u00e3o do V Festival de M\u00fasica Popular Alagoana Em Cantos de Alagoas. Ao todo, foram selecionadas 129 can\u00e7\u00f5es autorais e in\u00e9ditas. O resultado est\u00e1 dispon\u00edvel no link https:\/\/bit.ly\/3A0D38H. &nbsp; O evento &hellip;<\/p>\n","protected":false},"author":2,"featured_media":23968,"comment_status":"open","ping_status":"open","sticky":false,"template":"","format":"standard","meta":{"_jetpack_memberships_contains_paid_content":false,"footnotes":""},"categories":[4],"tags":[],"class_list":["post-23967","post","type-post","status-publish","format-standard","has-post-thumbnail","hentry","category-alagoas"],"jetpack_featured_media_url":"https:\/\/www.oparanews.com.br\/wp-content\/uploads\/2022\/06\/secult-divulga-selecionados-para-o-v-festival-de-musica-em-cantos-de-alagoas.png","jetpack_sharing_enabled":true,"_links":{"self":[{"href":"https:\/\/www.oparanews.com.br\/index.php\/wp-json\/wp\/v2\/posts\/23967","targetHints":{"allow":["GET"]}}],"collection":[{"href":"https:\/\/www.oparanews.com.br\/index.php\/wp-json\/wp\/v2\/posts"}],"about":[{"href":"https:\/\/www.oparanews.com.br\/index.php\/wp-json\/wp\/v2\/types\/post"}],"author":[{"embeddable":true,"href":"https:\/\/www.oparanews.com.br\/index.php\/wp-json\/wp\/v2\/users\/2"}],"replies":[{"embeddable":true,"href":"https:\/\/www.oparanews.com.br\/index.php\/wp-json\/wp\/v2\/comments?post=23967"}],"version-history":[{"count":1,"href":"https:\/\/www.oparanews.com.br\/index.php\/wp-json\/wp\/v2\/posts\/23967\/revisions"}],"predecessor-version":[{"id":23969,"href":"https:\/\/www.oparanews.com.br\/index.php\/wp-json\/wp\/v2\/posts\/23967\/revisions\/23969"}],"wp:featuredmedia":[{"embeddable":true,"href":"https:\/\/www.oparanews.com.br\/index.php\/wp-json\/wp\/v2\/media\/23968"}],"wp:attachment":[{"href":"https:\/\/www.oparanews.com.br\/index.php\/wp-json\/wp\/v2\/media?parent=23967"}],"wp:term":[{"taxonomy":"category","embeddable":true,"href":"https:\/\/www.oparanews.com.br\/index.php\/wp-json\/wp\/v2\/categories?post=23967"},{"taxonomy":"post_tag","embeddable":true,"href":"https:\/\/www.oparanews.com.br\/index.php\/wp-json\/wp\/v2\/tags?post=23967"}],"curies":[{"name":"wp","href":"https:\/\/api.w.org\/{rel}","templated":true}]}}