{"id":23998,"date":"2022-06-27T15:37:42","date_gmt":"2022-06-27T18:37:42","guid":{"rendered":"https:\/\/www.oparanews.com.br\/?p=23998"},"modified":"2022-06-27T15:37:42","modified_gmt":"2022-06-27T18:37:42","slug":"pm-deflagra-operacao-em-penedo-piacabucu-e-feliz-deserto","status":"publish","type":"post","link":"https:\/\/www.oparanews.com.br\/index.php\/2022\/06\/27\/pm-deflagra-operacao-em-penedo-piacabucu-e-feliz-deserto\/","title":{"rendered":"PM deflagra opera\u00e7\u00e3o em Penedo, Pia\u00e7abu\u00e7u e Feliz Deserto"},"content":{"rendered":"<p>Em cumprimento a mandados de busca e apreens\u00e3o expedidos pela 17\u00aa Vara Criminal da Capital, uma opera\u00e7\u00e3o integrada entre a Pol\u00edcia Militar e Pol\u00edcia Civil foi deflagrada nesta segunda-feira, 27, nos munic\u00edpios de Penedo, Pia\u00e7abu\u00e7u e Feliz Deserto.<\/p>\n<p>&nbsp;<\/p>\n<p>O objetivo da opera\u00e7\u00e3o foi desarticular organiza\u00e7\u00f5es criminosas de tr\u00e1fico de drogas e porte ilegal de arma de fogo.<\/p>\n<p>&nbsp;<\/p>\n<p>A opera\u00e7\u00e3o foi coordenada por policiais do 11\u00ba Batalh\u00e3o de Pol\u00edcia Militar, Guarni\u00e7\u00f5es de Apoio do Canil, Grupamento A\u00e9reo do 3\u00b0 Batalh\u00e3o e Tigre da Pol\u00edcia Civil.<\/p>\n<p>&nbsp;<\/p>\n<p>Foram realizadas quatro pris\u00f5es, duas em Penedo e duas em Pia\u00e7abu\u00e7u. Um menor de idade foi detido e v\u00e1rios materiais foram apreendidos. Todos os envolvidos foram conduzidos at\u00e9 a Delegacia.<\/p>\n<p>&nbsp;<\/p>\n<ul>\n<li><strong>R$1154,75<\/strong><\/li>\n<li><strong>2,285 kg de maconha<\/strong><\/li>\n<li><strong>3 Celulares<\/strong><\/li>\n<li><strong>1 maquineta de cart\u00e3o<\/strong><\/li>\n<li><strong>1 balan\u00e7a de precis\u00e3o<\/strong><\/li>\n<li><strong>1 explosivo<\/strong><\/li>\n<\/ul>\n<p>&nbsp;<\/p>\n<p>&nbsp;<\/p>\n<p><strong>por Walberth Lima com 11\u00ba BPM<\/strong><\/p>\n<p>&nbsp;<\/p>\n","protected":false},"excerpt":{"rendered":"<p>Em cumprimento a mandados de busca e apreens\u00e3o expedidos pela 17\u00aa Vara Criminal da Capital, uma opera\u00e7\u00e3o integrada entre a Pol\u00edcia Militar e Pol\u00edcia Civil foi deflagrada nesta segunda-feira, 27, nos munic\u00edpios de Penedo, Pia\u00e7abu\u00e7u e Feliz Deserto. &nbsp; O objetivo da opera\u00e7\u00e3o foi desarticular organiza\u00e7\u00f5es criminosas de tr\u00e1fico de drogas e porte ilegal de &hellip;<\/p>\n","protected":false},"author":2,"featured_media":23999,"comment_status":"open","ping_status":"open","sticky":false,"template":"","format":"standard","meta":{"_jetpack_memberships_contains_paid_content":false,"footnotes":""},"categories":[4,1,3],"tags":[],"class_list":["post-23998","post","type-post","status-publish","format-standard","has-post-thumbnail","hentry","category-alagoas","category-destaque","category-penedo"],"jetpack_featured_media_url":"https:\/\/www.oparanews.com.br\/wp-content\/uploads\/2022\/06\/Sem-titulo-4.png","jetpack_sharing_enabled":true,"_links":{"self":[{"href":"https:\/\/www.oparanews.com.br\/index.php\/wp-json\/wp\/v2\/posts\/23998","targetHints":{"allow":["GET"]}}],"collection":[{"href":"https:\/\/www.oparanews.com.br\/index.php\/wp-json\/wp\/v2\/posts"}],"about":[{"href":"https:\/\/www.oparanews.com.br\/index.php\/wp-json\/wp\/v2\/types\/post"}],"author":[{"embeddable":true,"href":"https:\/\/www.oparanews.com.br\/index.php\/wp-json\/wp\/v2\/users\/2"}],"replies":[{"embeddable":true,"href":"https:\/\/www.oparanews.com.br\/index.php\/wp-json\/wp\/v2\/comments?post=23998"}],"version-history":[{"count":1,"href":"https:\/\/www.oparanews.com.br\/index.php\/wp-json\/wp\/v2\/posts\/23998\/revisions"}],"predecessor-version":[{"id":24000,"href":"https:\/\/www.oparanews.com.br\/index.php\/wp-json\/wp\/v2\/posts\/23998\/revisions\/24000"}],"wp:featuredmedia":[{"embeddable":true,"href":"https:\/\/www.oparanews.com.br\/index.php\/wp-json\/wp\/v2\/media\/23999"}],"wp:attachment":[{"href":"https:\/\/www.oparanews.com.br\/index.php\/wp-json\/wp\/v2\/media?parent=23998"}],"wp:term":[{"taxonomy":"category","embeddable":true,"href":"https:\/\/www.oparanews.com.br\/index.php\/wp-json\/wp\/v2\/categories?post=23998"},{"taxonomy":"post_tag","embeddable":true,"href":"https:\/\/www.oparanews.com.br\/index.php\/wp-json\/wp\/v2\/tags?post=23998"}],"curies":[{"name":"wp","href":"https:\/\/api.w.org\/{rel}","templated":true}]}}