{"id":24001,"date":"2022-06-27T15:39:20","date_gmt":"2022-06-27T18:39:20","guid":{"rendered":"https:\/\/www.oparanews.com.br\/?p=24001"},"modified":"2022-06-27T15:39:20","modified_gmt":"2022-06-27T18:39:20","slug":"reparticoes-publicas-da-prefeitura-de-penedo-nao-funcionarao-na-quarta-feira-29","status":"publish","type":"post","link":"https:\/\/www.oparanews.com.br\/index.php\/2022\/06\/27\/reparticoes-publicas-da-prefeitura-de-penedo-nao-funcionarao-na-quarta-feira-29\/","title":{"rendered":"Reparti\u00e7\u00f5es p\u00fablicas da Prefeitura de Penedo n\u00e3o funcionar\u00e3o na quarta-feira, 29"},"content":{"rendered":"<p>Em virtude da celebra\u00e7\u00e3o a S\u00e3o Pedro, setores da Prefeitura de Penedo suspendem atendimento ao p\u00fablico na pr\u00f3xima quarta-feira, 29.<\/p>\n<p>&nbsp;<\/p>\n<p>A medida publicada em Decreto Municipal mant\u00e9m o atendimento na UPA.<\/p>\n<p>&nbsp;<\/p>\n<p>Consultas e exames previamente agendados na Secretaria Municipal de Sa\u00fade tamb\u00e9m funcionam normalmente, assim como os pontos de visita\u00e7\u00e3o tur\u00edstica em hor\u00e1rio reduzido, das oito at\u00e9 as 14 horas.<\/p>\n<p>&nbsp;<\/p>\n<p>&nbsp;<\/p>\n<p>&nbsp;<\/p>\n<p><strong>Fonte: Secom PMP<\/strong><\/p>\n<p>&nbsp;<\/p>\n","protected":false},"excerpt":{"rendered":"<p>Em virtude da celebra\u00e7\u00e3o a S\u00e3o Pedro, setores da Prefeitura de Penedo suspendem atendimento ao p\u00fablico na pr\u00f3xima quarta-feira, 29. &nbsp; A medida publicada em Decreto Municipal mant\u00e9m o atendimento na UPA. &nbsp; Consultas e exames previamente agendados na Secretaria Municipal de Sa\u00fade tamb\u00e9m funcionam normalmente, assim como os pontos de visita\u00e7\u00e3o tur\u00edstica em hor\u00e1rio &hellip;<\/p>\n","protected":false},"author":2,"featured_media":24002,"comment_status":"open","ping_status":"open","sticky":false,"template":"","format":"standard","meta":{"_jetpack_memberships_contains_paid_content":false,"footnotes":""},"categories":[1,3],"tags":[],"class_list":["post-24001","post","type-post","status-publish","format-standard","has-post-thumbnail","hentry","category-destaque","category-penedo"],"jetpack_featured_media_url":"https:\/\/www.oparanews.com.br\/wp-content\/uploads\/2022\/06\/prefeitura-de-penedo-foto-deywesson-duarte2.jpg","jetpack_sharing_enabled":true,"_links":{"self":[{"href":"https:\/\/www.oparanews.com.br\/index.php\/wp-json\/wp\/v2\/posts\/24001","targetHints":{"allow":["GET"]}}],"collection":[{"href":"https:\/\/www.oparanews.com.br\/index.php\/wp-json\/wp\/v2\/posts"}],"about":[{"href":"https:\/\/www.oparanews.com.br\/index.php\/wp-json\/wp\/v2\/types\/post"}],"author":[{"embeddable":true,"href":"https:\/\/www.oparanews.com.br\/index.php\/wp-json\/wp\/v2\/users\/2"}],"replies":[{"embeddable":true,"href":"https:\/\/www.oparanews.com.br\/index.php\/wp-json\/wp\/v2\/comments?post=24001"}],"version-history":[{"count":1,"href":"https:\/\/www.oparanews.com.br\/index.php\/wp-json\/wp\/v2\/posts\/24001\/revisions"}],"predecessor-version":[{"id":24003,"href":"https:\/\/www.oparanews.com.br\/index.php\/wp-json\/wp\/v2\/posts\/24001\/revisions\/24003"}],"wp:featuredmedia":[{"embeddable":true,"href":"https:\/\/www.oparanews.com.br\/index.php\/wp-json\/wp\/v2\/media\/24002"}],"wp:attachment":[{"href":"https:\/\/www.oparanews.com.br\/index.php\/wp-json\/wp\/v2\/media?parent=24001"}],"wp:term":[{"taxonomy":"category","embeddable":true,"href":"https:\/\/www.oparanews.com.br\/index.php\/wp-json\/wp\/v2\/categories?post=24001"},{"taxonomy":"post_tag","embeddable":true,"href":"https:\/\/www.oparanews.com.br\/index.php\/wp-json\/wp\/v2\/tags?post=24001"}],"curies":[{"name":"wp","href":"https:\/\/api.w.org\/{rel}","templated":true}]}}