{"id":24010,"date":"2022-06-28T15:37:28","date_gmt":"2022-06-28T18:37:28","guid":{"rendered":"https:\/\/www.oparanews.com.br\/?p=24010"},"modified":"2022-06-28T15:37:28","modified_gmt":"2022-06-28T18:37:28","slug":"semed-penedo-orienta-articuladores-de-ensino-sobre-plano-do-2o-semestre-do-ano-letivo","status":"publish","type":"post","link":"https:\/\/www.oparanews.com.br\/index.php\/2022\/06\/28\/semed-penedo-orienta-articuladores-de-ensino-sobre-plano-do-2o-semestre-do-ano-letivo\/","title":{"rendered":"Semed Penedo orienta Articuladores de Ensino sobre plano do 2\u00ba semestre do ano letivo"},"content":{"rendered":"<p>Articuladores de Ensino que trabalham em escolas da Secretaria Municipal de Educa\u00e7\u00e3o (Semed) est\u00e3o sendo orientados sobre estrat\u00e9gias que merecem aten\u00e7\u00e3o e interven\u00e7\u00e3o pedag\u00f3gica no segundo semestre de 2022.<\/p>\n<p>&nbsp;<\/p>\n<p>O trabalho realizado na Escola Municipal de Educa\u00e7\u00e3o B\u00e1sica Manoel Soares apresentou o planejamento sobre o Mapa Focal que ser\u00e1 desenvolvido no restante do ano letivo.<\/p>\n<p>&nbsp;<\/p>\n<p>As t\u00e9cnicas da Semed, Keith Guimar\u00e3es e Marilda Marinho, expuseram as \u201cPr\u00e1ticas Inovadoras de Alfabetiza\u00e7\u00e3o\u201d, tema inclu\u00eddo na primeira trilha formativa do Programa Escola 10.<\/p>\n<p>&nbsp;<\/p>\n<p>Segundo a secret\u00e1ria C\u00edntya Alves, o Programa Escola 10 \u00e9 muito importante para o aumento da profici\u00eancia dos estudantes.<\/p>\n<p>&nbsp;<\/p>\n<p>\u201cTamb\u00e9m devemos enaltece enaltecer o compromisso de professores, coordenadores pedag\u00f3gicos, articuladores de ensino, gestores escolares e do prefeito Ronaldo Lopes para que o Escola 10 promova o desenvolvimento da aprendizagem, com qualidade, para crian\u00e7as e jovens\u201d, afirma a gestora da Semed Penedo.<\/p>\n<p>&nbsp;<\/p>\n<p>&nbsp;<\/p>\n<p>&nbsp;<\/p>\n<p><strong>Fonte: Secom PMP com Assessoria Semed<\/strong><\/p>\n<p>&nbsp;<\/p>\n","protected":false},"excerpt":{"rendered":"<p>Articuladores de Ensino que trabalham em escolas da Secretaria Municipal de Educa\u00e7\u00e3o (Semed) est\u00e3o sendo orientados sobre estrat\u00e9gias que merecem aten\u00e7\u00e3o e interven\u00e7\u00e3o pedag\u00f3gica no segundo semestre de 2022. &nbsp; O trabalho realizado na Escola Municipal de Educa\u00e7\u00e3o B\u00e1sica Manoel Soares apresentou o planejamento sobre o Mapa Focal que ser\u00e1 desenvolvido no restante do ano &hellip;<\/p>\n","protected":false},"author":2,"featured_media":24011,"comment_status":"open","ping_status":"open","sticky":false,"template":"","format":"standard","meta":{"_jetpack_memberships_contains_paid_content":false,"footnotes":""},"categories":[1,3],"tags":[],"class_list":["post-24010","post","type-post","status-publish","format-standard","has-post-thumbnail","hentry","category-destaque","category-penedo"],"jetpack_featured_media_url":"https:\/\/www.oparanews.com.br\/wp-content\/uploads\/2022\/06\/escola-10-penedo-1.jpeg","jetpack_sharing_enabled":true,"_links":{"self":[{"href":"https:\/\/www.oparanews.com.br\/index.php\/wp-json\/wp\/v2\/posts\/24010","targetHints":{"allow":["GET"]}}],"collection":[{"href":"https:\/\/www.oparanews.com.br\/index.php\/wp-json\/wp\/v2\/posts"}],"about":[{"href":"https:\/\/www.oparanews.com.br\/index.php\/wp-json\/wp\/v2\/types\/post"}],"author":[{"embeddable":true,"href":"https:\/\/www.oparanews.com.br\/index.php\/wp-json\/wp\/v2\/users\/2"}],"replies":[{"embeddable":true,"href":"https:\/\/www.oparanews.com.br\/index.php\/wp-json\/wp\/v2\/comments?post=24010"}],"version-history":[{"count":1,"href":"https:\/\/www.oparanews.com.br\/index.php\/wp-json\/wp\/v2\/posts\/24010\/revisions"}],"predecessor-version":[{"id":24012,"href":"https:\/\/www.oparanews.com.br\/index.php\/wp-json\/wp\/v2\/posts\/24010\/revisions\/24012"}],"wp:featuredmedia":[{"embeddable":true,"href":"https:\/\/www.oparanews.com.br\/index.php\/wp-json\/wp\/v2\/media\/24011"}],"wp:attachment":[{"href":"https:\/\/www.oparanews.com.br\/index.php\/wp-json\/wp\/v2\/media?parent=24010"}],"wp:term":[{"taxonomy":"category","embeddable":true,"href":"https:\/\/www.oparanews.com.br\/index.php\/wp-json\/wp\/v2\/categories?post=24010"},{"taxonomy":"post_tag","embeddable":true,"href":"https:\/\/www.oparanews.com.br\/index.php\/wp-json\/wp\/v2\/tags?post=24010"}],"curies":[{"name":"wp","href":"https:\/\/api.w.org\/{rel}","templated":true}]}}