{"id":24043,"date":"2022-07-01T16:18:44","date_gmt":"2022-07-01T19:18:44","guid":{"rendered":"https:\/\/www.oparanews.com.br\/?p=24043"},"modified":"2022-07-01T16:18:44","modified_gmt":"2022-07-01T19:18:44","slug":"governo-de-alagoas-lanca-editais-para-diversos-segmentos-culturais","status":"publish","type":"post","link":"https:\/\/www.oparanews.com.br\/index.php\/2022\/07\/01\/governo-de-alagoas-lanca-editais-para-diversos-segmentos-culturais\/","title":{"rendered":"Governo de Alagoas lan\u00e7a editais para diversos segmentos culturais"},"content":{"rendered":"<p>A cultura em Alagoas ganha impulso com investimentos do Governo de Alagoas. Para fortalecer e dar visibilidade aos segmentos culturais, a Secretaria de Estado da Cultura (Secult) est\u00e1 com inscri\u00e7\u00f5es gratuitas abertas para 14 editais, que selecionar\u00e3o propostas e artistas de segmentos diversos para o desenvolvimento de atividades culturais.<\/p>\n<p>&nbsp;<\/p>\n<p>Ser\u00e3o mais de 13 milh\u00f5es destinados ao incentivo e desenvolvimento de projetos do meio art\u00edstico e cultural, das quais ser\u00e3o contempladas o audiovisual, m\u00fasica, artes c\u00eanicas, literatura, cultura popular, cultura afro-brasileira, Cultura LGBTQIA+ e Cultura ind\u00edgena.<\/p>\n<p>&nbsp;<\/p>\n<p>S\u00e3o eles: Edital de credenciamento de artistas, Pr\u00eamio Clemilda \u2013 A Rainha do Forr\u00f3, III Festival do Rock de Alagoas, VII Concurso de Poesia Jorge de Lima, V Concurso de Cr\u00f4nicas Ivone dos Santos, V Concurso de Contos Heli\u00f4na Ceres, II Concurso de Literatura de Cordel, II Concurso de Literatura Infantil, I Festival Cultura para Todos, 8\u00aa Festival P\u00f4r do Sol Cultural, Pr\u00eamio Manoel Leandro Simplicio &#8211; \u201cMestre Manuca 2022\u201d, Pr\u00eamio da identidade e Diversidade Cultural Alagoana, V Pr\u00eamio de Incentivo \u00e0 Produ\u00e7\u00e3o Audiovisual em Alagoas &#8211; Pr\u00eamio Pedro da Rocha e Pr\u00eamio para Artes C\u00eanicas.<\/p>\n<p>&nbsp;<\/p>\n<p>Para a secret\u00e1ria de Estado da Cultura, Mellina Freitas, apoiar projetos nas mais variadas \u00e1reas art\u00edsticas, atrav\u00e9s de editais p\u00fablicos, reafirma o compromisso da Secretaria da Cultura em disseminar e promover a arte no Estado. \u201cOs nossos editais tem o objetivo de contemplar de forma democr\u00e1tica os nossos fazedores de cultura, buscando estimular a produ\u00e7\u00e3o e a valoriza\u00e7\u00e3o da cultura local e incentivando a diversidade e a preserva\u00e7\u00e3o de identidades culturais, bem como garantindo \u00e0 popula\u00e7\u00e3o contato com o fazer art\u00edstico de qualidade\u201d, destacou a titular da pasta.<\/p>\n<p>&nbsp;<\/p>\n<p>Confira abaixo o calend\u00e1rio de editais:<\/p>\n<p>&nbsp;<\/p>\n<p>EDITAL DE CREDENCIAMENTO DE ARTISTAS \u2013 INSCRI\u00c7\u00d5ES AT\u00c9 6 DE JULHO<\/p>\n<p>PR\u00caMIO CLEMILDA \u2013 A RAINHA DO FORR\u00d3 \u2013 INSCRI\u00c7\u00d5ES AT\u00c9 7 DE JULHO<\/p>\n<p>III FESTIVAL DO ROCK DE ALAGOAS \u2013 INSCRI\u00c7\u00d5ES AT\u00c9 15 DE JULHO<\/p>\n<p>VII CONCURSO DE POESIA JORGE DE LIMA &#8211; INSCRI\u00c7\u00d5ES AT\u00c9 5 DE AGOSTO<\/p>\n<p>V CONCURSO DE CR\u00d4NICAS IVONE DOS SANTOS &#8211; INSCRI\u00c7\u00d5ES AT\u00c9 5 DE AGOSTO<\/p>\n<p>V CONCURSO DE CONTOS HELI\u00d4NA CERES &#8211; INSCRI\u00c7\u00d5ES AT\u00c9 5 DE AGOSTO<\/p>\n<p>II CONCURSO DE LITERATURA DE CORDEL &#8211; INSCRI\u00c7\u00d5ES AT\u00c9 5 DE AGOSTO<\/p>\n<p>II CONCURSO DE LITERATURA INFANTIL &#8211; INSCRI\u00c7\u00d5ES AT\u00c9 5 DE AGOSTO<\/p>\n<p>I FESTIVAL CULTURA PARA TODOS \u2013 INSCRI\u00c7\u00d5ES AT\u00c9 15 DE AGOSTO<\/p>\n<p>8\u00aa FESTIVAL P\u00d4R DO SOL CULTURAL \u2013 INSCRI\u00c7\u00d5ES DE 01 DE AGOSTO A 15 DE SETEMBRO<\/p>\n<p>PR\u00caMIO MANOEL LEANDRO SIMPLICIO &#8211; \u201cMESTRE MANUCA 2022\u201d \u2013 INSCRI\u00c7\u00d5ES DE 19 DE JULHO A 2 DE SETEMBRO<\/p>\n<p>PR\u00caMIO DA IDENTIDADE E DIVERSIDADE CULTURAL ALAGOANA 2022 \u2013 INSCRI\u00c7\u00d5ES AT\u00c9 14 DE AGOSTO<\/p>\n<p>V PR\u00caMIO DE INCENTIVO \u00c0 PRODU\u00c7\u00c3O AUDIOVISUAL EM ALAGOAS &#8211; PR\u00caMIO PEDRO DA ROCHA \u2013 INSCRI\u00c7\u00d5ES AT\u00c9 15 DE AGOSTO<\/p>\n<p>PR\u00caMIO PARA ARTES C\u00caNICAS 2022 \u2013 INSCRI\u00c7\u00d5ES AT\u00c9 15 DE AGOSTO<\/p>\n<p>&nbsp;<\/p>\n<p>&nbsp;<\/p>\n<p>&nbsp;<\/p>\n<p><strong>por Daniel Borges \/ Ascom Secult<\/strong><\/p>\n<p>&nbsp;<\/p>\n","protected":false},"excerpt":{"rendered":"<p>A cultura em Alagoas ganha impulso com investimentos do Governo de Alagoas. Para fortalecer e dar visibilidade aos segmentos culturais, a Secretaria de Estado da Cultura (Secult) est\u00e1 com inscri\u00e7\u00f5es gratuitas abertas para 14 editais, que selecionar\u00e3o propostas e artistas de segmentos diversos para o desenvolvimento de atividades culturais. &nbsp; Ser\u00e3o mais de 13 milh\u00f5es &hellip;<\/p>\n","protected":false},"author":2,"featured_media":24044,"comment_status":"open","ping_status":"open","sticky":false,"template":"","format":"standard","meta":{"_jetpack_memberships_contains_paid_content":false,"footnotes":""},"categories":[4],"tags":[],"class_list":["post-24043","post","type-post","status-publish","format-standard","has-post-thumbnail","hentry","category-alagoas"],"jetpack_featured_media_url":"https:\/\/www.oparanews.com.br\/wp-content\/uploads\/2022\/07\/Festival-de-Musica-Popular-Em-Cantos-de-Alagoas.jpg","jetpack_sharing_enabled":true,"_links":{"self":[{"href":"https:\/\/www.oparanews.com.br\/index.php\/wp-json\/wp\/v2\/posts\/24043","targetHints":{"allow":["GET"]}}],"collection":[{"href":"https:\/\/www.oparanews.com.br\/index.php\/wp-json\/wp\/v2\/posts"}],"about":[{"href":"https:\/\/www.oparanews.com.br\/index.php\/wp-json\/wp\/v2\/types\/post"}],"author":[{"embeddable":true,"href":"https:\/\/www.oparanews.com.br\/index.php\/wp-json\/wp\/v2\/users\/2"}],"replies":[{"embeddable":true,"href":"https:\/\/www.oparanews.com.br\/index.php\/wp-json\/wp\/v2\/comments?post=24043"}],"version-history":[{"count":1,"href":"https:\/\/www.oparanews.com.br\/index.php\/wp-json\/wp\/v2\/posts\/24043\/revisions"}],"predecessor-version":[{"id":24045,"href":"https:\/\/www.oparanews.com.br\/index.php\/wp-json\/wp\/v2\/posts\/24043\/revisions\/24045"}],"wp:featuredmedia":[{"embeddable":true,"href":"https:\/\/www.oparanews.com.br\/index.php\/wp-json\/wp\/v2\/media\/24044"}],"wp:attachment":[{"href":"https:\/\/www.oparanews.com.br\/index.php\/wp-json\/wp\/v2\/media?parent=24043"}],"wp:term":[{"taxonomy":"category","embeddable":true,"href":"https:\/\/www.oparanews.com.br\/index.php\/wp-json\/wp\/v2\/categories?post=24043"},{"taxonomy":"post_tag","embeddable":true,"href":"https:\/\/www.oparanews.com.br\/index.php\/wp-json\/wp\/v2\/tags?post=24043"}],"curies":[{"name":"wp","href":"https:\/\/api.w.org\/{rel}","templated":true}]}}