{"id":24084,"date":"2022-07-03T20:27:12","date_gmt":"2022-07-03T23:27:12","guid":{"rendered":"https:\/\/www.oparanews.com.br\/?p=24084"},"modified":"2022-07-03T20:27:12","modified_gmt":"2022-07-03T23:27:12","slug":"governo-de-al-define-entrega-de-cestas-basicas-e-itens-de-higiene-as-vitimas-das-chuvas","status":"publish","type":"post","link":"https:\/\/www.oparanews.com.br\/index.php\/2022\/07\/03\/governo-de-al-define-entrega-de-cestas-basicas-e-itens-de-higiene-as-vitimas-das-chuvas\/","title":{"rendered":"Governo de AL define entrega de cestas b\u00e1sicas e \u00edtens de higiene \u00e0s v\u00edtimas das chuvas"},"content":{"rendered":"<p>Neste domingo (03), integrantes do Gabinete de Crise da Situa\u00e7\u00e3o de Emerg\u00eancia em Alagoas se reuniram no Pal\u00e1cio Rep\u00fablica dos Palmares, para tra\u00e7ar um panorama da situa\u00e7\u00e3o atual dos munic\u00edpios atingidos pelas chuvas e elaborar estrat\u00e9gias que ser\u00e3o adotadas daqui para a frente.<\/p>\n<p>&nbsp;<\/p>\n<p>A previs\u00e3o \u00e9 de redu\u00e7\u00e3o do volume de chuvas, mas elas continuar\u00e3o a cair no estado nas pr\u00f3ximas horas.<\/p>\n<p>&nbsp;<\/p>\n<p>Durante a reuni\u00e3o, al\u00e9m de autorizar a entrega imediata das cestas b\u00e1sicas \u00e0 popula\u00e7\u00e3o atingida, o governador Paulo Dantas tamb\u00e9m informou que ser\u00e3o adquiridos colch\u00f5es, \u00e1gua pot\u00e1vel e materiais de limpeza e higiene pessoal.<\/p>\n<p>&nbsp;<\/p>\n<p>Al\u00e9m disso, tamb\u00e9m foi autorizada a utiliza\u00e7\u00e3o, pela Companhia de Abastecimento de Alagoas (Casal), dos carros-pipa que adquiridos para doa\u00e7\u00e3o e que ainda n\u00e3o foram destinados aos munic\u00edpios. Eles v\u00e3o ajudar a levar \u00e1gua pot\u00e1vel para quem mais precisa, tendo em vista que muitas cidades est\u00e3o sofrendo com o desabastecimento.<\/p>\n<p>&nbsp;<\/p>\n<p>\u201cAs a\u00e7\u00f5es precisam ser feitas de forma emergencial, pois a popula\u00e7\u00e3o n\u00e3o pode esperar. As cestas b\u00e1sicas j\u00e1 podem come\u00e7ar a ser distribu\u00eddas e vamos autorizar a libera\u00e7\u00e3o dos carros-pipa para levar \u00e1gua \u00e0s cidades\u201d, destacou Paulo Dantas.<\/p>\n<p>&nbsp;<\/p>\n<p>Fora os 51 munic\u00edpios que j\u00e1 tiveram decretada a situa\u00e7\u00e3o de emerg\u00eancia, outros quatro \u2013 Feira Grande, Porto de Pedras, Col\u00f4nia Leopoldina e Dois Riachos \u2013 devem ser inclusos na lista, por meio de um novo decreto que ser\u00e1 publicado em breve.<\/p>\n<p>&nbsp;<\/p>\n<p>As a\u00e7\u00f5es emergenciais devem focar, neste primeiro momento, nas localidades que integram a lista da Defesa Civil Estadual e da Associa\u00e7\u00e3o dos Munic\u00edpios Alagoanos (AMA) como as mais afetadas, num total de 29 cidades.<\/p>\n<p>&nbsp;<\/p>\n<p>De acordo com Vin\u00edcius Pinho, coordenador da Sala de Alerta da Secretaria de Estado do Meio Ambiente e dos Recursos H\u00eddricos (Semarh), o rio Para\u00edba saiu do alerta e a preocupa\u00e7\u00e3o agora \u00e9 com o Vale do Munda\u00fa e com as lagoas.<\/p>\n<p>&nbsp;<\/p>\n<p>Em Marechal Deodoro, por exemplo, o meteorologista conta que o n\u00edvel da lagoa j\u00e1 est\u00e1 mais alto que o registrado nas enchentes de 2010. Em Coqueiro Seco falta menos de meio metro para atingir as casas. O rio Jacu\u00edpe continua elevado, cerca de 2 metros acima do n\u00edvel de transbordo.<\/p>\n<p>&nbsp;<\/p>\n<p>\u201cA nossa grande preocupa\u00e7\u00e3o, neste momento, s\u00e3o o rio Jacu\u00edpe e as lagoas. Os rios Para\u00edba e Munda\u00fa j\u00e1 est\u00e3o descendo. A previs\u00e3o \u00e9 mais chuvas, com menos intensidade, mas, a essa altura, com o solo j\u00e1 encharcado, qualquer volume \u00e9 preocupante\u201d, pontuou.<\/p>\n<p>&nbsp;<\/p>\n<p>Outro ponto tocado durante a reuni\u00e3o foi a perda de todos os equipamentos das esta\u00e7\u00f5es de monitoramento do Munda\u00fa e alguns do Para\u00edba, que foram todos destru\u00eddos pelas chuvas. Com isso, torna-se, a partir de agora, de grande relev\u00e2ncia a integra\u00e7\u00e3o entre as defesas civis Estadual e Municipais.<\/p>\n<p>&nbsp;<\/p>\n<p>Na reuni\u00e3o, o Corpo de Bombeiros solicitou a aquisi\u00e7\u00e3o de mais botes para chegar \u00e0s localidades alagadas. De acordo com o comandante, coronel Jacques Wolbeck, os militares est\u00e3o atuando fortemente nos munic\u00edpios de Murici, Rio Largo, Jacu\u00edpe, Coit\u00e9 do Noia e Ibateguara, sendo que novas equipes estavam em deslocamento para Marechal Deodoro, onde tamb\u00e9m h\u00e1 um grande n\u00famero de pessoas ilhadas. Ele informou que a Marinha colocou suas embarca\u00e7\u00f5es \u00e0 disposi\u00e7\u00e3o para serem utilizadas pelo estado.<\/p>\n<p>&nbsp;<\/p>\n<p><strong>Rodovias<\/strong><\/p>\n<p>&nbsp;<\/p>\n<p>O balan\u00e7o das rodovias foi positivo, tendo em vista que, atualmente, n\u00e3o h\u00e1 nenhuma via estadual interditada, mas existe uma grande preocupa\u00e7\u00e3o por parte do Estado quanto \u00e0 situa\u00e7\u00e3o das rodovias federais.<\/p>\n<p>&nbsp;<\/p>\n<p>Muitas BRs est\u00e3o bloqueadas e danificadas em Alagoas. H\u00e1 um trecho da BR-104, inclusive, com uma eros\u00e3o fort\u00edssima, que vai demorar para ser reparada.<\/p>\n<p>&nbsp;<\/p>\n<p>Enquanto isso, as estradas estaduais devem servir de acesso para o tr\u00e1fego, o que deve resultar em muito desgaste e destrui\u00e7\u00e3o das vias. O assunto deve ser tratado durante reuni\u00e3o com representantes da Defesa Civil Nacional ainda neste domingo.<\/p>\n<p>&nbsp;<\/p>\n<p><strong>Energia<\/strong><\/p>\n<p>&nbsp;<\/p>\n<p>A Equatorial Alagoas tamb\u00e9m esteve presente ao encontro e informou que as equipes est\u00e3o de prontid\u00e3o para resolver o problema do fornecimento de energia el\u00e9trica nas cidades. Muitas delas tiveram o servi\u00e7o suspenso por quest\u00e3o de seguran\u00e7a, para evitar problemas como choques el\u00e9tricos.<\/p>\n<p>&nbsp;<\/p>\n<p>At\u00e9 o final da manh\u00e3 deste domingo (3), cerca de 68 mil unidades consumidoras do Estado estavam sem energia nos munic\u00edpios de Santana do Munda\u00fa, Jacu\u00edpe, Major Isidoro, Murici, Uni\u00e3o dos Palmares, S\u00e3o Jos\u00e9 da Laje, Rio Largo, Coruripe, Branquinha, Santana do Ipanema, Palmeira dos \u00cdndios, Atalaia, Satuba, Cajueiro e Capela.<\/p>\n<p>&nbsp;<\/p>\n<p>Durante o encontro, foi solicitado aos gestores do DER que seja feito um levantamento dos equipamentos dispon\u00edveis &#8211; tratores, escavadeiras e outros ve\u00edculos \u2013 que poder\u00e3o ajudar na limpeza, organiza\u00e7\u00e3o e recupera\u00e7\u00e3o das cidades. Esse quantitativo ser\u00e1 apresentado nesta segunda-feira (4), durante reuni\u00e3o do governador Paulo Dantas com os demais membros do Gabinete de Crise e com os prefeitos das mais de 50 cidades afetadas pelas chuvas.<\/p>\n<p>&nbsp;<\/p>\n<p>&nbsp;<\/p>\n<p>&nbsp;<\/p>\n<p><strong>Com assessoria<\/strong><\/p>\n<p>&nbsp;<\/p>\n","protected":false},"excerpt":{"rendered":"<p>Neste domingo (03), integrantes do Gabinete de Crise da Situa\u00e7\u00e3o de Emerg\u00eancia em Alagoas se reuniram no Pal\u00e1cio Rep\u00fablica dos Palmares, para tra\u00e7ar um panorama da situa\u00e7\u00e3o atual dos munic\u00edpios atingidos pelas chuvas e elaborar estrat\u00e9gias que ser\u00e3o adotadas daqui para a frente. &nbsp; A previs\u00e3o \u00e9 de redu\u00e7\u00e3o do volume de chuvas, mas elas &hellip;<\/p>\n","protected":false},"author":2,"featured_media":24085,"comment_status":"open","ping_status":"open","sticky":false,"template":"","format":"standard","meta":{"_jetpack_memberships_contains_paid_content":false,"footnotes":""},"categories":[4],"tags":[],"class_list":["post-24084","post","type-post","status-publish","format-standard","has-post-thumbnail","hentry","category-alagoas"],"jetpack_featured_media_url":"https:\/\/www.oparanews.com.br\/wp-content\/uploads\/2022\/07\/rsw_800h_500i_truecg_trueft_cover.webp","jetpack_sharing_enabled":true,"_links":{"self":[{"href":"https:\/\/www.oparanews.com.br\/index.php\/wp-json\/wp\/v2\/posts\/24084","targetHints":{"allow":["GET"]}}],"collection":[{"href":"https:\/\/www.oparanews.com.br\/index.php\/wp-json\/wp\/v2\/posts"}],"about":[{"href":"https:\/\/www.oparanews.com.br\/index.php\/wp-json\/wp\/v2\/types\/post"}],"author":[{"embeddable":true,"href":"https:\/\/www.oparanews.com.br\/index.php\/wp-json\/wp\/v2\/users\/2"}],"replies":[{"embeddable":true,"href":"https:\/\/www.oparanews.com.br\/index.php\/wp-json\/wp\/v2\/comments?post=24084"}],"version-history":[{"count":1,"href":"https:\/\/www.oparanews.com.br\/index.php\/wp-json\/wp\/v2\/posts\/24084\/revisions"}],"predecessor-version":[{"id":24086,"href":"https:\/\/www.oparanews.com.br\/index.php\/wp-json\/wp\/v2\/posts\/24084\/revisions\/24086"}],"wp:featuredmedia":[{"embeddable":true,"href":"https:\/\/www.oparanews.com.br\/index.php\/wp-json\/wp\/v2\/media\/24085"}],"wp:attachment":[{"href":"https:\/\/www.oparanews.com.br\/index.php\/wp-json\/wp\/v2\/media?parent=24084"}],"wp:term":[{"taxonomy":"category","embeddable":true,"href":"https:\/\/www.oparanews.com.br\/index.php\/wp-json\/wp\/v2\/categories?post=24084"},{"taxonomy":"post_tag","embeddable":true,"href":"https:\/\/www.oparanews.com.br\/index.php\/wp-json\/wp\/v2\/tags?post=24084"}],"curies":[{"name":"wp","href":"https:\/\/api.w.org\/{rel}","templated":true}]}}