{"id":24093,"date":"2022-07-04T23:01:33","date_gmt":"2022-07-05T02:01:33","guid":{"rendered":"https:\/\/www.oparanews.com.br\/?p=24093"},"modified":"2022-07-04T23:01:33","modified_gmt":"2022-07-05T02:01:33","slug":"prefeitura-de-coruripe-fortalece-acoes-para-conquistar-selo-unicef","status":"publish","type":"post","link":"https:\/\/www.oparanews.com.br\/index.php\/2022\/07\/04\/prefeitura-de-coruripe-fortalece-acoes-para-conquistar-selo-unicef\/","title":{"rendered":"Prefeitura de Coruripe fortalece a\u00e7\u00f5es para conquistar Selo Unicef"},"content":{"rendered":"<p>A Prefeitura de Coruripe est\u00e1 empenhada em conquistar a certifica\u00e7\u00e3o Selo Unicef 2021-2024. Para isso, o munic\u00edpio tem buscado cumprir todas as etapas e exig\u00eancias estabelecidas no edital, mobilizando a comunidade e envolvendo diversos \u00f3rg\u00e3os do munic\u00edpio, professores, estudantes e secretarias.<\/p>\n<p>&nbsp;<\/p>\n<p>O Selo tem como objetivo incentivar a implanta\u00e7\u00e3o de pol\u00edticas p\u00fablicas para garantir os direitos das crian\u00e7as e adolescentes do munic\u00edpio. Os munic\u00edpios certificados pelo Selo Unicef passam a fazer parte de um grupo de cidades reconhecidas internacionalmente pelo Unicef por seus avan\u00e7os em favor da inf\u00e2ncia e adolesc\u00eancia.<\/p>\n<p>&nbsp;<\/p>\n<p>A edi\u00e7\u00e3o 2021-2024 conta com a participa\u00e7\u00e3o de 2.023 munic\u00edpios brasileiros, em 18 estados.<\/p>\n<p>&nbsp;<\/p>\n<p>As a\u00e7\u00f5es s\u00e3o executadas de acordo com resultados sist\u00eamicos que Coruripe precisa atingir, em diferentes \u00e1reas, tais como: desenvolvimento infantil na primeira inf\u00e2ncia; educa\u00e7\u00e3o de qualidade para todos; h\u00e1bitos de higiene e acesso \u00e0 \u00e1gua e saneamento assegurados para crian\u00e7as e adolescentes nas escolas; oportunidade de educa\u00e7\u00e3o, trabalho e forma\u00e7\u00e3o profissional para adolescentes e jovens; desenvolvimento integral, sa\u00fade mental e bem estar de crian\u00e7as e adolescentes na segunda d\u00e9cada de vida; preven\u00e7\u00e3o e resposta \u00e0s viol\u00eancias contra crian\u00e7as e adolescentes; prote\u00e7\u00e3o social e aten\u00e7\u00e3o integral para fam\u00edlias vulner\u00e1veis via servi\u00e7os intersetoriais e cidad\u00e3 e gest\u00e3o de resultados.<\/p>\n<p>&nbsp;<\/p>\n<p>O munic\u00edpio est\u00e1 empenhado e um dos resultados a serem alcan\u00e7ados \u00e9 a participa\u00e7\u00e3o dos profissionais envolvidos nos cursos que o Selo Unicef prop\u00f5e. Ao todo, at\u00e9 o presente momento, foram 370 profissionais das secretarias de Sa\u00fade (39), Assist\u00eancia Social (26), Educa\u00e7\u00e3o (301) e demais \u00e1reas (4) capacitados.<\/p>\n<p>&nbsp;<\/p>\n<p>&#8220;Foram cursos sobre \u00e1gua, saneamento e promo\u00e7\u00e3o de higiene nas escolas e unidades de sa\u00fade, promovidos pela Unicef de forma online na plataforma do Selo Unicef. A meta m\u00ednima era um profissional por secretaria e os n\u00fameros mostram que superamos e muito as expectativas. Esse curso \u00e9 ponto essencial na busca pelo Selo&#8221;, destacou H\u00e9lio Oliveira, mobilizador municipal de adolescentes \u2013 Selo Unicef 2021-2024 e assessor t\u00e9cnico.<\/p>\n<p>&nbsp;<\/p>\n<p>&#8220;Todos os outros passos tamb\u00e9m est\u00e3o sendo dados, como a realiza\u00e7\u00e3o do evento &#8220;Coruripe, amigo da aprendizagem&#8221;, com o objetivo de sensibilizar as empresas do munic\u00edpio para o cumprimento da cota de aprendiz. Metas de vacina\u00e7\u00e3o infantil est\u00e3o sendo alcan\u00e7adas, pol\u00edticas contra evas\u00e3o escolar implementadas e tantas outras a\u00e7\u00f5es para que, de fato, tenhamos pol\u00edticas p\u00fablicas voltadas para crian\u00e7as e adolescentes eficientes no munic\u00edpio&#8221;, complementou H\u00e9lio.<\/p>\n<p>&nbsp;<\/p>\n<p>&nbsp;<\/p>\n<p>&nbsp;<\/p>\n<p><strong>Fonte: Secom Coruripe<\/strong><\/p>\n<p>&nbsp;<\/p>\n","protected":false},"excerpt":{"rendered":"<p>A Prefeitura de Coruripe est\u00e1 empenhada em conquistar a certifica\u00e7\u00e3o Selo Unicef 2021-2024. Para isso, o munic\u00edpio tem buscado cumprir todas as etapas e exig\u00eancias estabelecidas no edital, mobilizando a comunidade e envolvendo diversos \u00f3rg\u00e3os do munic\u00edpio, professores, estudantes e secretarias. &nbsp; O Selo tem como objetivo incentivar a implanta\u00e7\u00e3o de pol\u00edticas p\u00fablicas para garantir &hellip;<\/p>\n","protected":false},"author":2,"featured_media":24094,"comment_status":"open","ping_status":"open","sticky":false,"template":"","format":"standard","meta":{"_jetpack_memberships_contains_paid_content":false,"footnotes":""},"categories":[4],"tags":[],"class_list":["post-24093","post","type-post","status-publish","format-standard","has-post-thumbnail","hentry","category-alagoas"],"jetpack_featured_media_url":"https:\/\/www.oparanews.com.br\/wp-content\/uploads\/2022\/07\/WhatsApp-Image-2022-07-04-at-14.30.56.jpeg","jetpack_sharing_enabled":true,"_links":{"self":[{"href":"https:\/\/www.oparanews.com.br\/index.php\/wp-json\/wp\/v2\/posts\/24093","targetHints":{"allow":["GET"]}}],"collection":[{"href":"https:\/\/www.oparanews.com.br\/index.php\/wp-json\/wp\/v2\/posts"}],"about":[{"href":"https:\/\/www.oparanews.com.br\/index.php\/wp-json\/wp\/v2\/types\/post"}],"author":[{"embeddable":true,"href":"https:\/\/www.oparanews.com.br\/index.php\/wp-json\/wp\/v2\/users\/2"}],"replies":[{"embeddable":true,"href":"https:\/\/www.oparanews.com.br\/index.php\/wp-json\/wp\/v2\/comments?post=24093"}],"version-history":[{"count":1,"href":"https:\/\/www.oparanews.com.br\/index.php\/wp-json\/wp\/v2\/posts\/24093\/revisions"}],"predecessor-version":[{"id":24095,"href":"https:\/\/www.oparanews.com.br\/index.php\/wp-json\/wp\/v2\/posts\/24093\/revisions\/24095"}],"wp:featuredmedia":[{"embeddable":true,"href":"https:\/\/www.oparanews.com.br\/index.php\/wp-json\/wp\/v2\/media\/24094"}],"wp:attachment":[{"href":"https:\/\/www.oparanews.com.br\/index.php\/wp-json\/wp\/v2\/media?parent=24093"}],"wp:term":[{"taxonomy":"category","embeddable":true,"href":"https:\/\/www.oparanews.com.br\/index.php\/wp-json\/wp\/v2\/categories?post=24093"},{"taxonomy":"post_tag","embeddable":true,"href":"https:\/\/www.oparanews.com.br\/index.php\/wp-json\/wp\/v2\/tags?post=24093"}],"curies":[{"name":"wp","href":"https:\/\/api.w.org\/{rel}","templated":true}]}}