{"id":24107,"date":"2022-07-06T10:24:30","date_gmt":"2022-07-06T13:24:30","guid":{"rendered":"https:\/\/www.oparanews.com.br\/?p=24107"},"modified":"2022-07-06T10:25:22","modified_gmt":"2022-07-06T13:25:22","slug":"motorista-perde-controle-de-onibus-e-se-choca-com-poste-em-penedo","status":"publish","type":"post","link":"https:\/\/www.oparanews.com.br\/index.php\/2022\/07\/06\/motorista-perde-controle-de-onibus-e-se-choca-com-poste-em-penedo\/","title":{"rendered":"Motorista perde controle de \u00f4nibus e se choca com poste em Penedo"},"content":{"rendered":"<p>Na manh\u00e3 desta quarta-feira, 06, foi registrado um acidente na Rua Bar\u00e3o do Rio Branco pr\u00f3ximo \u00e0 Igreja do Ros\u00e1rio, no centro de Penedo.<\/p>\n<p>&nbsp;<\/p>\n<p>Um \u00f4nibus coletivo, que faz linha 2, se chocou fortemente com um poste. Com o impacto, o poste ficou totalmente danificado. As pessoas que estavam dentro do coletivo n\u00e3o tiveram ferimentos.<\/p>\n<p>&nbsp;<\/p>\n<p>Segundo informa\u00e7\u00f5es, o motivo do acidente foi uma falha mec\u00e2nica. A Guarda Municipal de Tr\u00e2nsito esteve no local para organizar o tr\u00e1fego de ve\u00edculos.<\/p>\n<p>&nbsp;<\/p>\n<p>Tanto a Equatorial quanto o servi\u00e7o de ilumina\u00e7\u00e3o municipal foram acionadas para resolver os danos causados pelo acidente.<\/p>\n<p>&nbsp;<\/p>\n<p>&nbsp;<\/p>\n<p>&nbsp;<\/p>\n<p><strong>por Walberth Lima<\/strong><\/p>\n<p>&nbsp;<\/p>\n<p><a href=\"http:\/\/www.oparanews.com.br\/wp-content\/uploads\/2022\/07\/IMG-20220706-WA0007.jpg\"><img loading=\"lazy\" decoding=\"async\" class=\"alignleft size-medium wp-image-24108\" src=\"http:\/\/www.oparanews.com.br\/wp-content\/uploads\/2022\/07\/IMG-20220706-WA0007-135x300.jpg\" alt=\"\" width=\"135\" height=\"300\" srcset=\"https:\/\/www.oparanews.com.br\/wp-content\/uploads\/2022\/07\/IMG-20220706-WA0007-135x300.jpg 135w, https:\/\/www.oparanews.com.br\/wp-content\/uploads\/2022\/07\/IMG-20220706-WA0007-461x1024.jpg 461w, https:\/\/www.oparanews.com.br\/wp-content\/uploads\/2022\/07\/IMG-20220706-WA0007-692x1536.jpg 692w, https:\/\/www.oparanews.com.br\/wp-content\/uploads\/2022\/07\/IMG-20220706-WA0007.jpg 721w\" sizes=\"auto, (max-width: 135px) 100vw, 135px\" \/><\/a> <a href=\"http:\/\/www.oparanews.com.br\/wp-content\/uploads\/2022\/07\/IMG-20220706-WA0005.jpg\"><img loading=\"lazy\" decoding=\"async\" class=\"alignleft size-medium wp-image-24109\" src=\"http:\/\/www.oparanews.com.br\/wp-content\/uploads\/2022\/07\/IMG-20220706-WA0005-135x300.jpg\" alt=\"\" width=\"135\" height=\"300\" srcset=\"https:\/\/www.oparanews.com.br\/wp-content\/uploads\/2022\/07\/IMG-20220706-WA0005-135x300.jpg 135w, https:\/\/www.oparanews.com.br\/wp-content\/uploads\/2022\/07\/IMG-20220706-WA0005-461x1024.jpg 461w, https:\/\/www.oparanews.com.br\/wp-content\/uploads\/2022\/07\/IMG-20220706-WA0005-692x1536.jpg 692w, https:\/\/www.oparanews.com.br\/wp-content\/uploads\/2022\/07\/IMG-20220706-WA0005.jpg 721w\" sizes=\"auto, (max-width: 135px) 100vw, 135px\" \/><\/a> <a href=\"http:\/\/www.oparanews.com.br\/wp-content\/uploads\/2022\/07\/IMG-20220706-WA0006.jpg\"><img loading=\"lazy\" decoding=\"async\" class=\"alignleft size-medium wp-image-24110\" src=\"http:\/\/www.oparanews.com.br\/wp-content\/uploads\/2022\/07\/IMG-20220706-WA0006-135x300.jpg\" alt=\"\" width=\"135\" height=\"300\" srcset=\"https:\/\/www.oparanews.com.br\/wp-content\/uploads\/2022\/07\/IMG-20220706-WA0006-135x300.jpg 135w, https:\/\/www.oparanews.com.br\/wp-content\/uploads\/2022\/07\/IMG-20220706-WA0006-461x1024.jpg 461w, https:\/\/www.oparanews.com.br\/wp-content\/uploads\/2022\/07\/IMG-20220706-WA0006-692x1536.jpg 692w, https:\/\/www.oparanews.com.br\/wp-content\/uploads\/2022\/07\/IMG-20220706-WA0006.jpg 721w\" sizes=\"auto, (max-width: 135px) 100vw, 135px\" \/><\/a><\/p>\n<p>&nbsp;<\/p>\n<p>&nbsp;<\/p>\n<p>&nbsp;<\/p>\n<p>&nbsp;<\/p>\n<p>&nbsp;<\/p>\n<p>&nbsp;<\/p>\n<p>&nbsp;<\/p>\n<p>&nbsp;<\/p>\n<p>&nbsp;<\/p>\n","protected":false},"excerpt":{"rendered":"<p>Na manh\u00e3 desta quarta-feira, 06, foi registrado um acidente na Rua Bar\u00e3o do Rio Branco pr\u00f3ximo \u00e0 Igreja do Ros\u00e1rio, no centro de Penedo. &nbsp; Um \u00f4nibus coletivo, que faz linha 2, se chocou fortemente com um poste. Com o impacto, o poste ficou totalmente danificado. As pessoas que estavam dentro do coletivo n\u00e3o tiveram &hellip;<\/p>\n","protected":false},"author":2,"featured_media":24111,"comment_status":"open","ping_status":"open","sticky":false,"template":"","format":"standard","meta":{"_jetpack_memberships_contains_paid_content":false,"footnotes":""},"categories":[1,3],"tags":[],"class_list":["post-24107","post","type-post","status-publish","format-standard","has-post-thumbnail","hentry","category-destaque","category-penedo"],"jetpack_featured_media_url":"https:\/\/www.oparanews.com.br\/wp-content\/uploads\/2022\/07\/IMG-20220706-WA0008.jpg","jetpack_sharing_enabled":true,"_links":{"self":[{"href":"https:\/\/www.oparanews.com.br\/index.php\/wp-json\/wp\/v2\/posts\/24107","targetHints":{"allow":["GET"]}}],"collection":[{"href":"https:\/\/www.oparanews.com.br\/index.php\/wp-json\/wp\/v2\/posts"}],"about":[{"href":"https:\/\/www.oparanews.com.br\/index.php\/wp-json\/wp\/v2\/types\/post"}],"author":[{"embeddable":true,"href":"https:\/\/www.oparanews.com.br\/index.php\/wp-json\/wp\/v2\/users\/2"}],"replies":[{"embeddable":true,"href":"https:\/\/www.oparanews.com.br\/index.php\/wp-json\/wp\/v2\/comments?post=24107"}],"version-history":[{"count":3,"href":"https:\/\/www.oparanews.com.br\/index.php\/wp-json\/wp\/v2\/posts\/24107\/revisions"}],"predecessor-version":[{"id":24114,"href":"https:\/\/www.oparanews.com.br\/index.php\/wp-json\/wp\/v2\/posts\/24107\/revisions\/24114"}],"wp:featuredmedia":[{"embeddable":true,"href":"https:\/\/www.oparanews.com.br\/index.php\/wp-json\/wp\/v2\/media\/24111"}],"wp:attachment":[{"href":"https:\/\/www.oparanews.com.br\/index.php\/wp-json\/wp\/v2\/media?parent=24107"}],"wp:term":[{"taxonomy":"category","embeddable":true,"href":"https:\/\/www.oparanews.com.br\/index.php\/wp-json\/wp\/v2\/categories?post=24107"},{"taxonomy":"post_tag","embeddable":true,"href":"https:\/\/www.oparanews.com.br\/index.php\/wp-json\/wp\/v2\/tags?post=24107"}],"curies":[{"name":"wp","href":"https:\/\/api.w.org\/{rel}","templated":true}]}}