{"id":24118,"date":"2022-07-06T14:42:22","date_gmt":"2022-07-06T17:42:22","guid":{"rendered":"https:\/\/www.oparanews.com.br\/?p=24118"},"modified":"2022-07-06T14:42:22","modified_gmt":"2022-07-06T17:42:22","slug":"prefeitura-de-penedo-cumpre-metas-estabelecidas-pelo-selo-unicef-para-2022","status":"publish","type":"post","link":"https:\/\/www.oparanews.com.br\/index.php\/2022\/07\/06\/prefeitura-de-penedo-cumpre-metas-estabelecidas-pelo-selo-unicef-para-2022\/","title":{"rendered":"Prefeitura de Penedo cumpre metas estabelecidas pelo Selo Unicef para 2022"},"content":{"rendered":"<p>As pol\u00edticas p\u00fablicas desenvolvidas pelo governo Ronaldo Lopes para crian\u00e7as e adolescentes atendem as metas estabelecidas pelo Selo Unicef.<\/p>\n<p>&nbsp;<\/p>\n<p>O munic\u00edpio que conquistou a certifica\u00e7\u00e3o em 2019, durante a gest\u00e3o Marcius Beltr\u00e3o\/Ronaldo Lopes, avan\u00e7a na assist\u00eancia e j\u00e1 cumpre o que o \u00f3rg\u00e3o das Na\u00e7\u00f5es Unidas estabelece em seu cronograma para 2022.<\/p>\n<p>&nbsp;<\/p>\n<p>A avalia\u00e7\u00e3o mais recente comprova que a Prefeitura de Penedo instituiu a Comiss\u00e3o Intersetorial dos Direitos da Crian\u00e7a e Adolescente, o N\u00facleo de Cidadania de Adolescente (NUCA), realiza busca ativa para inclus\u00e3o de meninos e meninas que estavam fora das escolas e ades\u00e3o \u00e0 plataforma 1Mio (acesso para cursos e orienta\u00e7\u00e3o sobre Programa Jovem Aprendiz).<\/p>\n<p>&nbsp;<\/p>\n<p>Outro ponto atendido por Penedo \u00e9 a realiza\u00e7\u00e3o do F\u00f3rum Comunit\u00e1rio, evento que aconteceu no Theatro Sete de Setembro em mar\u00e7o deste ano, com a participa\u00e7\u00e3o de representantes de setores p\u00fablicos e segmentos da sociedade civil organizada.<\/p>\n<p>&nbsp;<\/p>\n<p>A Prefeitura de Penedo tamb\u00e9m executa o Plano Municipal da Crian\u00e7a e Adolescente, com destaque para acesso de fam\u00edlias em situa\u00e7\u00e3o de vulnerabilidade social aos programas sociais, campanhas de vacina\u00e7\u00e3o e preven\u00e7\u00e3o \u00e0 gravidez na adolesc\u00eancia.<\/p>\n<p>&nbsp;<\/p>\n<p>O trabalho de reformas e adequa\u00e7\u00f5es na rede p\u00fablica municipal de ensino tamb\u00e9m \u00e9 levado em considera\u00e7\u00e3o, assim como as forma\u00e7\u00f5es continuada para gestores, coordenadores e professores.<\/p>\n<p>&nbsp;<\/p>\n<p>O respeito aos protocolos de preven\u00e7\u00e3o \u00e0 pandemia de Covid-19 nas escolas e creches \u00e9 parte dos quesitos analisados nas escolas e creches, assim como a qualidade da \u00e1gua servida nas unidades de ensino, saneamento, esgotamento sanit\u00e1rio e pr\u00e1ticas de higiene na rede municipal.<\/p>\n<p>&nbsp;<\/p>\n<p>\u201cO Selo Unicef est\u00e1 avaliando e acompanhado a evolu\u00e7\u00e3o do munic\u00edpio de Penedo em tudo que se refere a crian\u00e7a e ao adolescente. As metas que s\u00e3o estipuladas para todas as cidades que foram habilitadas para a edi\u00e7\u00e3o 2021\/2024 est\u00e3o sendo cumpridas\u201d, explica a assistente social Darlene Nonato Santos, Articuladora do munic\u00edpio de Penedo para a atual edi\u00e7\u00e3o do Selo Unicef.<\/p>\n<p>&nbsp;<\/p>\n<p>&nbsp;<\/p>\n<p>&nbsp;<\/p>\n<p><strong>Fonte: Secom PMP<\/strong><\/p>\n<p>&nbsp;<\/p>\n","protected":false},"excerpt":{"rendered":"<p>As pol\u00edticas p\u00fablicas desenvolvidas pelo governo Ronaldo Lopes para crian\u00e7as e adolescentes atendem as metas estabelecidas pelo Selo Unicef. &nbsp; O munic\u00edpio que conquistou a certifica\u00e7\u00e3o em 2019, durante a gest\u00e3o Marcius Beltr\u00e3o\/Ronaldo Lopes, avan\u00e7a na assist\u00eancia e j\u00e1 cumpre o que o \u00f3rg\u00e3o das Na\u00e7\u00f5es Unidas estabelece em seu cronograma para 2022. &nbsp; A &hellip;<\/p>\n","protected":false},"author":2,"featured_media":24119,"comment_status":"open","ping_status":"open","sticky":false,"template":"","format":"standard","meta":{"_jetpack_memberships_contains_paid_content":false,"footnotes":""},"categories":[1,3],"tags":[],"class_list":["post-24118","post","type-post","status-publish","format-standard","has-post-thumbnail","hentry","category-destaque","category-penedo"],"jetpack_featured_media_url":"https:\/\/www.oparanews.com.br\/wp-content\/uploads\/2022\/07\/selo-unicef-forum-penedo-foto-deywisson-duarte.jpg","jetpack_sharing_enabled":true,"_links":{"self":[{"href":"https:\/\/www.oparanews.com.br\/index.php\/wp-json\/wp\/v2\/posts\/24118","targetHints":{"allow":["GET"]}}],"collection":[{"href":"https:\/\/www.oparanews.com.br\/index.php\/wp-json\/wp\/v2\/posts"}],"about":[{"href":"https:\/\/www.oparanews.com.br\/index.php\/wp-json\/wp\/v2\/types\/post"}],"author":[{"embeddable":true,"href":"https:\/\/www.oparanews.com.br\/index.php\/wp-json\/wp\/v2\/users\/2"}],"replies":[{"embeddable":true,"href":"https:\/\/www.oparanews.com.br\/index.php\/wp-json\/wp\/v2\/comments?post=24118"}],"version-history":[{"count":1,"href":"https:\/\/www.oparanews.com.br\/index.php\/wp-json\/wp\/v2\/posts\/24118\/revisions"}],"predecessor-version":[{"id":24120,"href":"https:\/\/www.oparanews.com.br\/index.php\/wp-json\/wp\/v2\/posts\/24118\/revisions\/24120"}],"wp:featuredmedia":[{"embeddable":true,"href":"https:\/\/www.oparanews.com.br\/index.php\/wp-json\/wp\/v2\/media\/24119"}],"wp:attachment":[{"href":"https:\/\/www.oparanews.com.br\/index.php\/wp-json\/wp\/v2\/media?parent=24118"}],"wp:term":[{"taxonomy":"category","embeddable":true,"href":"https:\/\/www.oparanews.com.br\/index.php\/wp-json\/wp\/v2\/categories?post=24118"},{"taxonomy":"post_tag","embeddable":true,"href":"https:\/\/www.oparanews.com.br\/index.php\/wp-json\/wp\/v2\/tags?post=24118"}],"curies":[{"name":"wp","href":"https:\/\/api.w.org\/{rel}","templated":true}]}}