{"id":24124,"date":"2022-07-06T21:07:42","date_gmt":"2022-07-07T00:07:42","guid":{"rendered":"https:\/\/www.oparanews.com.br\/?p=24124"},"modified":"2022-07-06T21:07:42","modified_gmt":"2022-07-07T00:07:42","slug":"educacao-de-coruripe-passa-a-integrar-a-rede-brasileira-de-aprendizagem-criativa","status":"publish","type":"post","link":"https:\/\/www.oparanews.com.br\/index.php\/2022\/07\/06\/educacao-de-coruripe-passa-a-integrar-a-rede-brasileira-de-aprendizagem-criativa\/","title":{"rendered":"Educa\u00e7\u00e3o de Coruripe passa a integrar a Rede Brasileira de Aprendizagem Criativa"},"content":{"rendered":"<p>A rede municipal de ensino de Coruripe foi selecionada pela Rede Brasileira de Aprendizagem Criativa (RBAC), apoiada pela Funda\u00e7\u00e3o Lemann, para a implementa\u00e7\u00e3o do Programa Escolas Criativas, em parceria com a Funda\u00e7\u00e3o LEGO.<\/p>\n<p>&nbsp;<\/p>\n<p>O programa tem como objetivo fomentar a implementa\u00e7\u00e3o de solu\u00e7\u00f5es que ajudem a tornar a educa\u00e7\u00e3o p\u00fablica brasileira mais criativa, prazerosa, relevante, colaborativa e inclusiva para crian\u00e7as de 6 a 14 anos.<\/p>\n<p>&nbsp;<\/p>\n<p>Coruripe e mais seis redes p\u00fablicas de ensino entram na segunda fase do programa e se juntar\u00e3o \u00e0s redes municipais e estaduais de ensino que foram selecionadas em 2021. A meta do Escolas Criativas \u00e9 de abranger 500 mil alunos at\u00e9 2024.<\/p>\n<p>&nbsp;<\/p>\n<p>O lan\u00e7amento da segunda fase do programa foi realizado nesta quarta-feira (06) pelo canal da RBAC no YouTube e contou com a participa\u00e7\u00e3o de secretariais e representantes das redes selecionadas. O secret\u00e1rio municipal de Educa\u00e7\u00e3o de Coruripe, Marcos Beltr\u00e3o, esteve presente durante a transmiss\u00e3o on-line e assinou o Termo de Pactua\u00e7\u00e3o.<\/p>\n<p>&nbsp;<\/p>\n<p>&#8220;N\u00f3s temos aqui em Coruripe uma rede bastante integrada. N\u00e3o s\u00f3 a rede dos profissionais da educa\u00e7\u00e3o, mas tamb\u00e9m de toda a comunidade. Eu acho que o sucesso da nossa Educa\u00e7\u00e3o, dos nossos \u00edndices, est\u00e1 muito ligado ao pertencimento. As pessoas se integram a rede municipal de ensino, t\u00eam orgulho da nossa comunidade escolar e assim, fazem com que, o sucesso de fato chegue. Eu tenho certeza de que esse programa nos trar\u00e1 oportunidades. Ent\u00e3o s\u00f3 temos a agradecer voc\u00eas por nos ter dado a chance de integrar a segunda turma&#8221;, destacou o secret\u00e1rio durante evento.<\/p>\n<p>&nbsp;<\/p>\n<p>O programa visa ainda incentivar os professores a desenvolver as suas pr\u00f3prias atividades a partir da utiliza\u00e7\u00e3o dos princ\u00edpios da aprendizagem criativa e recursos de rob\u00f3tica, computa\u00e7\u00e3o criativa e materiais acess\u00edveis e reutiliz\u00e1veis como papel\u00e3o, cola, papel, tesoura e embalagens recicl\u00e1veis.<\/p>\n<p>&nbsp;<\/p>\n<p>&#8220;Estamos muito felizes! O programa ir\u00e1 conceder a rede a oportunidade de multiplicar os ambientes e espa\u00e7os l\u00fadicos das escolas fomentando a aprendizagem prazerosa e significativa&#8221;, ressaltou a gerente administrativa e pedag\u00f3gica da Semed Coruripe, Fabiana Silva Rocha.<\/p>\n<p>&nbsp;<\/p>\n<p><strong>Sobre a Rede Brasileira de Aprendizagem Criativa<\/strong><\/p>\n<p>&nbsp;<\/p>\n<p>A Rede Brasileira de Aprendizagem Criativa (RBAC) \u00e9 um movimento de educadores, artistas, pais, pesquisadores, empreendedores, alunos e organiza\u00e7\u00f5es que promovem pr\u00e1ticas educacionais mais m\u00e3o na massa, criativas e relevantes para crian\u00e7as e jovens de todo o pa\u00eds. Por meio de festivais, oficinas, programas de fellowships, encontros regionais, recursos pedag\u00f3gicos e discuss\u00f5es online, a RBAC prov\u00ea um ambiente prop\u00edcio para a cria\u00e7\u00e3o e a viv\u00eancia da aprendizagem criativa de forma relevante e sustent\u00e1vel nas diferentes regi\u00f5es do Brasil desde 2015. Conhe\u00e7a a Rede em: aprendizagemcriativa.org.<\/p>\n<p>&nbsp;<\/p>\n<p>&nbsp;<\/p>\n<p>&nbsp;<\/p>\n<p><strong>Fonte: Secom Coruripe<\/strong><\/p>\n<p>&nbsp;<\/p>\n","protected":false},"excerpt":{"rendered":"<p>A rede municipal de ensino de Coruripe foi selecionada pela Rede Brasileira de Aprendizagem Criativa (RBAC), apoiada pela Funda\u00e7\u00e3o Lemann, para a implementa\u00e7\u00e3o do Programa Escolas Criativas, em parceria com a Funda\u00e7\u00e3o LEGO. &nbsp; O programa tem como objetivo fomentar a implementa\u00e7\u00e3o de solu\u00e7\u00f5es que ajudem a tornar a educa\u00e7\u00e3o p\u00fablica brasileira mais criativa, prazerosa, &hellip;<\/p>\n","protected":false},"author":2,"featured_media":24125,"comment_status":"open","ping_status":"open","sticky":false,"template":"","format":"standard","meta":{"_jetpack_memberships_contains_paid_content":false,"footnotes":""},"categories":[4],"tags":[],"class_list":["post-24124","post","type-post","status-publish","format-standard","has-post-thumbnail","hentry","category-alagoas"],"jetpack_featured_media_url":"https:\/\/www.oparanews.com.br\/wp-content\/uploads\/2022\/07\/WhatsApp-Image-2022-07-06-at-12.57.01.jpeg","jetpack_sharing_enabled":true,"_links":{"self":[{"href":"https:\/\/www.oparanews.com.br\/index.php\/wp-json\/wp\/v2\/posts\/24124","targetHints":{"allow":["GET"]}}],"collection":[{"href":"https:\/\/www.oparanews.com.br\/index.php\/wp-json\/wp\/v2\/posts"}],"about":[{"href":"https:\/\/www.oparanews.com.br\/index.php\/wp-json\/wp\/v2\/types\/post"}],"author":[{"embeddable":true,"href":"https:\/\/www.oparanews.com.br\/index.php\/wp-json\/wp\/v2\/users\/2"}],"replies":[{"embeddable":true,"href":"https:\/\/www.oparanews.com.br\/index.php\/wp-json\/wp\/v2\/comments?post=24124"}],"version-history":[{"count":1,"href":"https:\/\/www.oparanews.com.br\/index.php\/wp-json\/wp\/v2\/posts\/24124\/revisions"}],"predecessor-version":[{"id":24126,"href":"https:\/\/www.oparanews.com.br\/index.php\/wp-json\/wp\/v2\/posts\/24124\/revisions\/24126"}],"wp:featuredmedia":[{"embeddable":true,"href":"https:\/\/www.oparanews.com.br\/index.php\/wp-json\/wp\/v2\/media\/24125"}],"wp:attachment":[{"href":"https:\/\/www.oparanews.com.br\/index.php\/wp-json\/wp\/v2\/media?parent=24124"}],"wp:term":[{"taxonomy":"category","embeddable":true,"href":"https:\/\/www.oparanews.com.br\/index.php\/wp-json\/wp\/v2\/categories?post=24124"},{"taxonomy":"post_tag","embeddable":true,"href":"https:\/\/www.oparanews.com.br\/index.php\/wp-json\/wp\/v2\/tags?post=24124"}],"curies":[{"name":"wp","href":"https:\/\/api.w.org\/{rel}","templated":true}]}}